{"id":16065,"date":"2022-06-20T14:02:36","date_gmt":"2022-06-20T17:02:36","guid":{"rendered":"https:\/\/sindesvdf.com.br\/news\/?p=16065"},"modified":"2022-06-20T14:03:12","modified_gmt":"2022-06-20T17:03:12","slug":"20-de-junho-dia-do-vigilante-3","status":"publish","type":"post","link":"https:\/\/sindesvdf.com.br\/news\/20-de-junho-dia-do-vigilante-3\/","title":{"rendered":"20 DE JUNHO \u2013 Dia do Vigilante."},"content":{"rendered":"<p style=\"text-align: center;\"><strong><span style=\"font-size: 14pt;\">Uma na\u00e7\u00e3o de guerreiros que ajuda no fortalecimento da atividade com muita luta<\/span><\/strong><\/p>\n<p><img loading=\"lazy\" decoding=\"async\" class=\"aligncenter size-full wp-image-16066\" src=\"https:\/\/sindesvdf.com.br\/news\/wp-content\/uploads\/2022\/06\/diadovigilante2022.jpg\" alt=\"\" width=\"700\" height=\"400\" srcset=\"https:\/\/sindesvdf.com.br\/news\/wp-content\/uploads\/2022\/06\/diadovigilante2022.jpg 700w, https:\/\/sindesvdf.com.br\/news\/wp-content\/uploads\/2022\/06\/diadovigilante2022-300x171.jpg 300w\" sizes=\"auto, (max-width: 700px) 100vw, 700px\" \/><\/p>\n<p><span style=\"font-size: 14pt;\">O dia 20 de junho \u00e9 uma data muito especial, pois comemoramos o <strong>Dia Nacional dos Vigilantes<\/strong>. N\u00e3o \u00e9 s\u00f3 comemorar esta data e sim reafirmar a import\u00e2ncia da atividade de seguran\u00e7a privada que ganha cada vez mais import\u00e2ncia diante da dura realidade que vivemos com a crescente viol\u00eancia no DF e em todo o Brasil<\/span><\/p>\n<p><span style=\"font-size: 14pt;\">Zelar pelo patrim\u00f4nio p\u00fablico e privado, defender a vida e interagir com o p\u00fablico com informa\u00e7\u00f5es e atendimento est\u00e3o entre as principais tarefas do vigilante, que ele exerce com dedica\u00e7\u00e3o e profissionalismo. Categoria essencial, foi fundamental durante os piores momentos da pandemia e exposta ao risco diariamente.<\/span><\/p>\n<p><span style=\"font-size: 14pt;\">Os vigilantes do DF est\u00e3o entre os mais combativos do Brasil, atrav\u00e9s de muita luta e mobiliza\u00e7\u00e3o, tiveram grandes conquistas com o apoio de seu Sindicato, o primeiro do Brasil a organizar a categoria e realizar a primeira greve em 1979, ainda durante a ditadura militar e que enfureceu o presidente da Rep\u00fablica \u00e0 \u00e9poca, Jo\u00e3o Figueiredo.<\/span><\/p>\n<p><span style=\"font-size: 14pt;\">Desde o princ\u00edpio mostramos que n\u00e3o nos intimidamos e foi gra\u00e7as a essa coragem e determina\u00e7\u00e3o que conquistamos e avan\u00e7amos em nossas reivindica\u00e7\u00f5es. Dificilmente encontraremos um vigilante desta \u00e9poca, que n\u00e3o reconhe\u00e7a o valor do SINDESV-DF na transforma\u00e7\u00e3o das suas vidas e a valoriza\u00e7\u00e3o profissional. Podemos destacar:<\/span><\/p>\n<p><strong><span style=\"font-size: 14pt;\">-Conven\u00e7\u00e3o Coletiva de Trabalho;<\/span><\/strong><\/p>\n<p><strong><span style=\"font-size: 14pt;\">-Jornada 12 x 36;<\/span><\/strong><\/p>\n<p><strong><span style=\"font-size: 14pt;\">-T\u00edquete alimenta\u00e7\u00e3o;<\/span><\/strong><\/p>\n<p><strong><span style=\"font-size: 14pt;\">-Uniforme pago pela empresa;<\/span><\/strong><\/p>\n<p><strong><span style=\"font-size: 14pt;\">-Piso salarial;<\/span><\/strong><\/p>\n<p><strong><span style=\"font-size: 14pt;\">-Cl\u00e1usula da continuidade;<\/span><\/strong><\/p>\n<p><strong><span style=\"font-size: 14pt;\">-Plano de Sa\u00fade;<\/span><\/strong><\/p>\n<p><strong><span style=\"font-size: 14pt;\">\u00c1rea de Lazer;<\/span><\/strong><\/p>\n<p><strong><span style=\"font-size: 14pt;\">-Adicional de Risco de Vida;<\/span><\/strong><\/p>\n<p><span style=\"font-size: 14pt;\"><strong>-Seguro de vida em grupo, dentre outras conquistas arrancadas na lu<\/strong>ta.<\/span><\/p>\n<p><span style=\"font-size: 14pt;\">Infelizmente, alguns vigilantes chegam e encontram tudo pronto e acham que sempre tivemos todos esses benef\u00edcios e conquistas. Ignoram a nossa hist\u00f3ria de luta, as batalhas que travamos para conquistar cada cl\u00e1usula da nossa CCT e o esfor\u00e7o maior ainda para manter tudo o que temos.<\/span><\/p>\n<p><span style=\"font-size: 14pt;\">Alguns outros, acham que n\u00e3o precisam do Sindicato para nada, o que n\u00e3o \u00e9 verdade. At\u00e9 quando tem mudan\u00e7a de empresa no seu contrato, eles precisam do Sindicato para acompanhar a transi\u00e7\u00e3o, conferir, cobrar se algo tiver errado e at\u00e9 denunciar aos \u00f3rg\u00e3os competentes a sonega\u00e7\u00e3o de direitos. Al\u00e9m disso, muitos que se sentem assim, mais cedo ou mais tarde, sofrer\u00e1 uma injusti\u00e7a, uma persegui\u00e7\u00e3o ou a sonega\u00e7\u00e3o de algum direito e a \u00fanica porta que o vigilante encontra aberta \u00e9 a do seu Sindicato dos Vigilantes do Distrito Federal.<\/span><\/p>\n<p><span style=\"font-size: 14pt;\">Felizmente, as boas not\u00edcias \u00e9 que muitos vigilantes reconhecem a import\u00e2ncia do Sindicato. Tanto \u00e9 verdade que nossa recep\u00e7\u00e3o recebe centenas de trabalhadores para resolver suas pend\u00eancias do dia-a-dia e \u00e9 cada vez maior o \u00edndice de vigilantes e demais trabalhadores que acreditam que o Sindicato \u00e9 importante e fundamental para manter o que temos e avan\u00e7ar cada vez mais.<\/span><\/p>\n<p><span style=\"font-size: 14pt;\">Valorizar o vigilante, exigir melhores condi\u00e7\u00f5es de trabalho, fiscalizar e enfrentar os ataques \u00e0 nossa atividade \u00e9 a nossa miss\u00e3o.<\/span><\/p>\n<p><span style=\"font-size: 14pt;\">Parab\u00e9ns Vigilantes pelo seu dia.<\/span><\/p>\n<p class=\"wpf_wrapper\"><a class=\"print_link\" href=\"\" target=\"_blank\">Preparar para impress\u00e3o<\/a><\/p><!-- .wpf_wrapper -->","protected":false},"excerpt":{"rendered":"<p>Uma na\u00e7\u00e3o de guerreiros que ajuda no fortalecimento da atividade com muita luta O dia 20 de junho \u00e9 uma&hellip; <\/p>\n","protected":false},"author":4,"featured_media":16066,"comment_status":"closed","ping_status":"closed","sticky":false,"template":"","format":"standard","meta":{"footnotes":""},"categories":[101],"tags":[],"class_list":["post-16065","post","type-post","status-publish","format-standard","has-post-thumbnail","hentry","category-olho-vivo"],"jetpack_featured_media_url":"https:\/\/sindesvdf.com.br\/news\/wp-content\/uploads\/2022\/06\/diadovigilante2022.jpg","_links":{"self":[{"href":"https:\/\/sindesvdf.com.br\/news\/wp-json\/wp\/v2\/posts\/16065","targetHints":{"allow":["GET"]}}],"collection":[{"href":"https:\/\/sindesvdf.com.br\/news\/wp-json\/wp\/v2\/posts"}],"about":[{"href":"https:\/\/sindesvdf.com.br\/news\/wp-json\/wp\/v2\/types\/post"}],"author":[{"embeddable":true,"href":"https:\/\/sindesvdf.com.br\/news\/wp-json\/wp\/v2\/users\/4"}],"replies":[{"embeddable":true,"href":"https:\/\/sindesvdf.com.br\/news\/wp-json\/wp\/v2\/comments?post=16065"}],"version-history":[{"count":3,"href":"https:\/\/sindesvdf.com.br\/news\/wp-json\/wp\/v2\/posts\/16065\/revisions"}],"predecessor-version":[{"id":16068,"href":"https:\/\/sindesvdf.com.br\/news\/wp-json\/wp\/v2\/posts\/16065\/revisions\/16068"}],"wp:featuredmedia":[{"embeddable":true,"href":"https:\/\/sindesvdf.com.br\/news\/wp-json\/wp\/v2\/media\/16066"}],"wp:attachment":[{"href":"https:\/\/sindesvdf.com.br\/news\/wp-json\/wp\/v2\/media?parent=16065"}],"wp:term":[{"taxonomy":"category","embeddable":true,"href":"https:\/\/sindesvdf.com.br\/news\/wp-json\/wp\/v2\/categories?post=16065"},{"taxonomy":"post_tag","embeddable":true,"href":"https:\/\/sindesvdf.com.br\/news\/wp-json\/wp\/v2\/tags?post=16065"}],"curies":[{"name":"wp","href":"https:\/\/api.w.org\/{rel}","templated":true}]}}