{"id":16075,"date":"2022-06-21T16:48:51","date_gmt":"2022-06-21T19:48:51","guid":{"rendered":"https:\/\/sindesvdf.com.br\/news\/?p=16075"},"modified":"2022-06-22T08:37:57","modified_gmt":"2022-06-22T11:37:57","slug":"sindicato-encaminha-oficio-a-ses-df-solicitando-reuniao-da-comissao-tripartite","status":"publish","type":"post","link":"https:\/\/sindesvdf.com.br\/news\/sindicato-encaminha-oficio-a-ses-df-solicitando-reuniao-da-comissao-tripartite\/","title":{"rendered":"Sindicato encaminha of\u00edcio \u00e0 SES-DF solicitando reuni\u00e3o da Comiss\u00e3o Tripartite"},"content":{"rendered":"<figure id=\"attachment_16076\" aria-describedby=\"caption-attachment-16076\" style=\"width: 700px\" class=\"wp-caption aligncenter\"><img loading=\"lazy\" decoding=\"async\" class=\"wp-image-16076 size-full\" src=\"https:\/\/sindesvdf.com.br\/news\/wp-content\/uploads\/2022\/06\/SES-oficio.jpg\" alt=\"\" width=\"700\" height=\"400\" srcset=\"https:\/\/sindesvdf.com.br\/news\/wp-content\/uploads\/2022\/06\/SES-oficio.jpg 700w, https:\/\/sindesvdf.com.br\/news\/wp-content\/uploads\/2022\/06\/SES-oficio-300x171.jpg 300w\" sizes=\"auto, (max-width: 700px) 100vw, 700px\" \/><figcaption id=\"caption-attachment-16076\" class=\"wp-caption-text\">A reuni\u00e3o \u00e9 para tratar dos calotse da Ipanema sobre o reajuste da Campanha Salarial\/2022 (sal\u00e1rios, benef\u00edcios e outras demandas)<\/figcaption><\/figure>\n<p><span style=\"font-size: 14pt;\">Diante das in\u00fameras irregularidades que a Empresa Ipanema vem fazendo contra seus empregados, o presidente do Sindicato dos Vigilantes do DF, Paulo Quadros, encaminhou of\u00edcio \u00e0 <strong>Secret\u00e1ria de Sa\u00fade do DF<\/strong>, Dr\u00aa Lucilene Maria Flor\u00eancio de Queiroz, listando todas as irregularidades cometidas pela Empresa, dentre elas o n\u00e3o pagamento correto do reajuste oriundo da Campanha Salarial 2022, dentre outros problemas.<\/span><\/p>\n<p><span style=\"font-size: 14pt;\">Apesar das in\u00fameras cobran\u00e7as feitas pela Sindicato para que a Empresa cumprisse a nossa Conven\u00e7\u00e3o Coletiva de Trabalho, no caso a cl\u00e1usula 5\u00aa que trata do reajuste do sal\u00e1rio, a Ipanema insiste em manter essa conduta em preju\u00edzo aos vigilantes.<\/span><\/p>\n<p><span style=\"font-size: 14pt;\">Diante disso, solicitamos no of\u00edcio que seja realizada uma reuni\u00e3o da Comiss\u00e3o Tripartite, criada para discutir as demandas e que \u00e9 composta por representantes da Secretaria de Sa\u00fade do DF, al\u00e9m de representantes do Sindicato e da Empresa Ipanema.<\/span><\/p>\n<p><span style=\"font-size: 14pt;\">Esperamos assim, restabelecer os direitos dos vigilantes, empregados da empresa Ipanema para que tenham todas as conquistas da nossa Campanha Salarial\/2022 garantidas.<\/span><\/p>\n<p><span style=\"font-size: 14pt;\"><strong>Of\u00edcio&gt;&gt;\u00a0<\/strong><\/span> <a href=\"https:\/\/sindesvdf.com.br\/news\/wp-content\/uploads\/2022\/06\/OF-058-IPANEMA-SECRETARIA-DE-SAUDE-RETROATIVOS-202221062022.pdf\">OF-058-IPANEMA-SECRETARIA DE SA\u00daDE -RETROATIVOS 202221062022<\/a><\/p>\n<p class=\"wpf_wrapper\"><a class=\"print_link\" href=\"\" target=\"_blank\">Preparar para impress\u00e3o<\/a><\/p><!-- .wpf_wrapper -->","protected":false},"excerpt":{"rendered":"<p>Diante das in\u00fameras irregularidades que a Empresa Ipanema vem fazendo contra seus empregados, o presidente do Sindicato dos Vigilantes do&hellip; <\/p>\n","protected":false},"author":4,"featured_media":16076,"comment_status":"closed","ping_status":"closed","sticky":false,"template":"","format":"standard","meta":{"footnotes":""},"categories":[101],"tags":[],"class_list":["post-16075","post","type-post","status-publish","format-standard","has-post-thumbnail","hentry","category-olho-vivo"],"jetpack_featured_media_url":"https:\/\/sindesvdf.com.br\/news\/wp-content\/uploads\/2022\/06\/SES-oficio.jpg","_links":{"self":[{"href":"https:\/\/sindesvdf.com.br\/news\/wp-json\/wp\/v2\/posts\/16075","targetHints":{"allow":["GET"]}}],"collection":[{"href":"https:\/\/sindesvdf.com.br\/news\/wp-json\/wp\/v2\/posts"}],"about":[{"href":"https:\/\/sindesvdf.com.br\/news\/wp-json\/wp\/v2\/types\/post"}],"author":[{"embeddable":true,"href":"https:\/\/sindesvdf.com.br\/news\/wp-json\/wp\/v2\/users\/4"}],"replies":[{"embeddable":true,"href":"https:\/\/sindesvdf.com.br\/news\/wp-json\/wp\/v2\/comments?post=16075"}],"version-history":[{"count":5,"href":"https:\/\/sindesvdf.com.br\/news\/wp-json\/wp\/v2\/posts\/16075\/revisions"}],"predecessor-version":[{"id":16082,"href":"https:\/\/sindesvdf.com.br\/news\/wp-json\/wp\/v2\/posts\/16075\/revisions\/16082"}],"wp:featuredmedia":[{"embeddable":true,"href":"https:\/\/sindesvdf.com.br\/news\/wp-json\/wp\/v2\/media\/16076"}],"wp:attachment":[{"href":"https:\/\/sindesvdf.com.br\/news\/wp-json\/wp\/v2\/media?parent=16075"}],"wp:term":[{"taxonomy":"category","embeddable":true,"href":"https:\/\/sindesvdf.com.br\/news\/wp-json\/wp\/v2\/categories?post=16075"},{"taxonomy":"post_tag","embeddable":true,"href":"https:\/\/sindesvdf.com.br\/news\/wp-json\/wp\/v2\/tags?post=16075"}],"curies":[{"name":"wp","href":"https:\/\/api.w.org\/{rel}","templated":true}]}}