{"id":16211,"date":"2022-10-03T10:59:23","date_gmt":"2022-10-03T13:59:23","guid":{"rendered":"https:\/\/sindesvdf.com.br\/news\/?p=16211"},"modified":"2022-10-03T10:59:23","modified_gmt":"2022-10-03T13:59:23","slug":"outubro-rosa-o-risco-do-cancer-de-mama","status":"publish","type":"post","link":"https:\/\/sindesvdf.com.br\/news\/outubro-rosa-o-risco-do-cancer-de-mama\/","title":{"rendered":"Outubro Rosa: O risco do c\u00e2ncer de mama"},"content":{"rendered":"<figure id=\"attachment_16212\" aria-describedby=\"caption-attachment-16212\" style=\"width: 700px\" class=\"wp-caption aligncenter\"><img loading=\"lazy\" decoding=\"async\" class=\"wp-image-16212 size-full\" src=\"https:\/\/sindesvdf.com.br\/news\/wp-content\/uploads\/2022\/10\/outubro2.jpg\" alt=\"\" width=\"700\" height=\"400\" srcset=\"https:\/\/sindesvdf.com.br\/news\/wp-content\/uploads\/2022\/10\/outubro2.jpg 700w, https:\/\/sindesvdf.com.br\/news\/wp-content\/uploads\/2022\/10\/outubro2-300x171.jpg 300w\" sizes=\"auto, (max-width: 700px) 100vw, 700px\" \/><figcaption id=\"caption-attachment-16212\" class=\"wp-caption-text\">A incid\u00eancia e o risco do c\u00e2ncer de mama t\u00eam aumentado nos \u00faltimos 20 anos principalmente como consequ\u00eancia da mudan\u00e7a de padr\u00e3o reprodutivo feminino ocorrido nos \u00faltimos cinquenta anos<\/figcaption><\/figure>\n<p><span style=\"font-size: 14pt;\">No decorrer da vida, uma em cada dez mulheres vai apresentar c\u00e2ncer de\u00a0mama. A incid\u00eancia desse tipo de neoplasia aumentou significativamente nos \u00faltimos vinte anos. Parte do aumento resulta da aplica\u00e7\u00e3o cada vez mais rotineira de t\u00e9cnicas diagn\u00f3sticas como a ultra-sonografia e as mamografias, que todas as mulheres devem repetir anualmente a partir dos quarenta anos (ou come\u00e7ar antes em casos especiais). Outra parte \u00e9 consequ\u00eancia da mudan\u00e7a de padr\u00e3o reprodutivo feminino ocorrido nos \u00faltimos cinquenta anos.<\/span><\/p>\n<p><span style=\"font-size: 14pt;\">Durante a primeira metade do\u00a0ciclo menstrual\u00a0os n\u00edveis de estr\u00f3geno na circula\u00e7\u00e3o aumentam, para declinar na segunda metade, quando a produ\u00e7\u00e3o de progesterona cresce. N\u00e3o havendo fecunda\u00e7\u00e3o do \u00f3vulo liberado na metade do ciclo, quatorze dias depois acontece a menstrua\u00e7\u00e3o.<\/span><\/p>\n<p><span style=\"font-size: 14pt;\">H\u00e1 relatos cient\u00edficos de que no in\u00edcio do s\u00e9culo XX, a primeira menstrua\u00e7\u00e3o (menarca) das mulheres europeias e americanas acontecia aos dezessete anos, em m\u00e9dia. Como casavam cedo, engravidavam em seguida e permaneciam sem menstruar at\u00e9 o final da fase de amamenta\u00e7\u00e3o. Quando paravam de amamentar, menstruavam, engravidavam novamente e o ciclo se repetia at\u00e9 a menopausa, que acontecia ao redor dos quarenta anos. Ao final de uma vida reprodutiva prof\u00edcua, cada mulher havia menstruado apenas algumas dezenas de vezes.<\/span><\/p>\n<p><span style=\"font-size: 14pt;\">Por raz\u00f5es mal conhecidas a fase reprodutiva da mulher atual \u00e9 mais longa: as meninas come\u00e7am a menstruar j\u00e1 aos onze ou doze anos e a menopausa ocorre depois dos cinq\u00fcenta. Al\u00e9m disso, o pequeno n\u00famero de filhos caracter\u00edsticos da maior parte das fam\u00edlias mant\u00e9m as mulheres em sucessivos ciclos menstruais, que se repetem exaustivamente por centenas de meses.<\/span><\/p>\n<p><span style=\"font-size: 14pt;\">O impacto provocado pela a\u00e7\u00e3o repetida de estr\u00f3geno e de progesterona nos tecidos mam\u00e1rios \u00e9 responsabilizado pelo aumento no risco de desenvolver c\u00e2ncer de mama apresentado pela mulher moderna.<\/span><\/p>\n<p><span style=\"font-size: 14pt;\">Nem todas as mulheres, no entanto, t\u00eam a mesma probabilidade de desenvolver tumores malignos nos seios; algumas correm mais risco. De acordo com a interfer\u00eancia do estilo de vida na incid\u00eancia da doen\u00e7a, os fatores de risco costumam ser divididos em dois grupos: inevit\u00e1veis e modific\u00e1veis.<\/span><\/p>\n<h4><span style=\"font-size: 14pt;\"><strong>Fatores inevit\u00e1veis:<\/strong><\/span><\/h4>\n<ul>\n<li><span style=\"font-size: 14pt;\"><strong>Idade:<\/strong> 75% a 80% dos casos ocorrem em mulheres com mais de 50 anos;<\/span><\/li>\n<li><span style=\"font-size: 14pt;\"><strong>Hist\u00f3ria familiar:<\/strong> 90% dos casos s\u00e3o espor\u00e1dicos, mas os 10% restantes est\u00e3o ligados \u00e0 predisposi\u00e7\u00f5es gen\u00e9ticas. Hist\u00f3ria de c\u00e2ncer de mama em familiares do lado materno ou paterno dobram o triplicam o risco. Quanto maior a proximidade do parentesco, mais alto o risco. Deve-se suspeitar fortemente de predisposi\u00e7\u00e3o gen\u00e9tica quando h\u00e1 v\u00e1rios casos de c\u00e2ncer de mama ou de ov\u00e1rio diagnosticados em familiares com menos de 50 anos (especialmente em parentes de primeiro grau), casos com c\u00e2ncer nas duas mamas (apresenta\u00e7\u00e3o bilateral), ou casos de c\u00e2ncer de mama em homens da fam\u00edlia;<\/span><\/li>\n<li><span style=\"font-size: 14pt;\"><strong>Menarca<\/strong>: menstruar pela primeira vez antes dos 11 anos triplica o risco;<\/span><\/li>\n<li><span style=\"font-size: 14pt;\"><strong>Menopausa<\/strong>: parar de menstruar depois dos 54 anos duplica o risco;<\/span><\/li>\n<li><span style=\"font-size: 14pt;\"><strong>Primeiro filho:<\/strong> primeira gravidez depois dos 40 anos triplica o risco;<\/span><\/li>\n<li><span style=\"font-size: 14pt;\"><strong>Bi\u00f3psia pr\u00e9via<\/strong> em n\u00f3dulo mam\u00e1rio benigno com resultado de hiperplasia at\u00edpica aumenta de 4 a 5 vezes o risco;<\/span><\/li>\n<li><span style=\"font-size: 14pt;\"><strong>J\u00e1 ter tido c\u00e2ncer de mama:<\/strong> aumenta quatro vezes a chance de ter c\u00e2ncer na mama oposta.<\/span><\/li>\n<\/ul>\n<p>&nbsp;<\/p>\n<h4><span style=\"font-size: 14pt;\"><strong>Fatores modific\u00e1veis:\u00a0<\/strong><\/span><\/h4>\n<ul>\n<li><span style=\"font-size: 14pt;\"><strong>Peso corp\u00f3reo:<\/strong> quando o \u00edndice de massa corp\u00f3rea (peso dividido pela altura ao quadrado) ultrapassa o \u00edndice de 35 numa mulher menopausada, seu risco duplica. Se ela for pr\u00e9-menopausada, no entanto, curiosamente o risco cai 30%;<\/span><\/li>\n<li><span style=\"font-size: 14pt;\"><strong>Dieta:<\/strong> Consumo exagerado de alimentos gordurosos aumenta o risco 1,5 vezes;<\/span><\/li>\n<li><span style=\"font-size: 14pt;\"><strong>Consumo de \u00e1lcool:<\/strong> quando excessivo, aumenta 1,3 vezes;<\/span><\/li>\n<li><span style=\"font-size: 14pt;\"><strong>Ter recebido radioterapia no tecido mam\u00e1rio para tratamento de outro tipo de c\u00e2ncer:<\/strong> se ocorreu numa menina com menos de dez anos, o risco aumenta 10 vezes;<\/span><\/li>\n<li><span style=\"font-size: 14pt;\"><strong>Uso corrente de contraceptivos orais:<\/strong> aumenta 1,24 vezes;<\/span><\/li>\n<li><span style=\"font-size: 14pt;\"><strong>Reposi\u00e7\u00e3o hormonal por mais de dez anos:<\/strong> aumenta 1,35 vezes.<\/span><\/li>\n<\/ul>\n<p><span style=\"font-size: 14pt;\">Mulheres que apresentam fatores de risco para desenvolver a doen\u00e7a devem ser orientadas a procurar o especialista para avalia\u00e7\u00f5es radiol\u00f3gicas mais frequentes.<\/span><\/p>\n<p style=\"text-align: right;\"><em><strong>Fonte: Drauzio Varella (m\u00e9dico oncologista)<\/strong><\/em><\/p>\n<p class=\"wpf_wrapper\"><a class=\"print_link\" href=\"\" target=\"_blank\">Preparar para impress\u00e3o<\/a><\/p><!-- .wpf_wrapper -->","protected":false},"excerpt":{"rendered":"<p>No decorrer da vida, uma em cada dez mulheres vai apresentar c\u00e2ncer de\u00a0mama. A incid\u00eancia desse tipo de neoplasia aumentou&hellip; <\/p>\n","protected":false},"author":4,"featured_media":16212,"comment_status":"closed","ping_status":"closed","sticky":false,"template":"","format":"standard","meta":{"footnotes":""},"categories":[7],"tags":[],"class_list":["post-16211","post","type-post","status-publish","format-standard","has-post-thumbnail","hentry","category-noticias"],"jetpack_featured_media_url":"https:\/\/sindesvdf.com.br\/news\/wp-content\/uploads\/2022\/10\/outubro2.jpg","_links":{"self":[{"href":"https:\/\/sindesvdf.com.br\/news\/wp-json\/wp\/v2\/posts\/16211","targetHints":{"allow":["GET"]}}],"collection":[{"href":"https:\/\/sindesvdf.com.br\/news\/wp-json\/wp\/v2\/posts"}],"about":[{"href":"https:\/\/sindesvdf.com.br\/news\/wp-json\/wp\/v2\/types\/post"}],"author":[{"embeddable":true,"href":"https:\/\/sindesvdf.com.br\/news\/wp-json\/wp\/v2\/users\/4"}],"replies":[{"embeddable":true,"href":"https:\/\/sindesvdf.com.br\/news\/wp-json\/wp\/v2\/comments?post=16211"}],"version-history":[{"count":2,"href":"https:\/\/sindesvdf.com.br\/news\/wp-json\/wp\/v2\/posts\/16211\/revisions"}],"predecessor-version":[{"id":16214,"href":"https:\/\/sindesvdf.com.br\/news\/wp-json\/wp\/v2\/posts\/16211\/revisions\/16214"}],"wp:featuredmedia":[{"embeddable":true,"href":"https:\/\/sindesvdf.com.br\/news\/wp-json\/wp\/v2\/media\/16212"}],"wp:attachment":[{"href":"https:\/\/sindesvdf.com.br\/news\/wp-json\/wp\/v2\/media?parent=16211"}],"wp:term":[{"taxonomy":"category","embeddable":true,"href":"https:\/\/sindesvdf.com.br\/news\/wp-json\/wp\/v2\/categories?post=16211"},{"taxonomy":"post_tag","embeddable":true,"href":"https:\/\/sindesvdf.com.br\/news\/wp-json\/wp\/v2\/tags?post=16211"}],"curies":[{"name":"wp","href":"https:\/\/api.w.org\/{rel}","templated":true}]}}