{"id":16242,"date":"2022-11-08T09:22:54","date_gmt":"2022-11-08T12:22:54","guid":{"rendered":"https:\/\/sindesvdf.com.br\/news\/?p=16242"},"modified":"2022-11-08T14:09:29","modified_gmt":"2022-11-08T17:09:29","slug":"atencao-vigilantes-noturnos-da-brasfort-que-trabalham-ou-trabalharam-no-periodo-de-01-01-2018-a-30-09-2018","status":"publish","type":"post","link":"https:\/\/sindesvdf.com.br\/news\/atencao-vigilantes-noturnos-da-brasfort-que-trabalham-ou-trabalharam-no-periodo-de-01-01-2018-a-30-09-2018\/","title":{"rendered":"Aten\u00e7\u00e3o vigilantes noturnos da Brasfort que trabalham ou trabalharam no per\u00edodo de 01\/01\/2018 a 30\/09\/2018"},"content":{"rendered":"<p>&nbsp;<\/p>\n<figure id=\"attachment_16243\" aria-describedby=\"caption-attachment-16243\" style=\"width: 700px\" class=\"wp-caption aligncenter\"><img loading=\"lazy\" decoding=\"async\" class=\"wp-image-16243 size-full\" src=\"https:\/\/sindesvdf.com.br\/news\/wp-content\/uploads\/2022\/11\/Brasfort_Assembleia.jpg\" alt=\"\" width=\"700\" height=\"400\" srcset=\"https:\/\/sindesvdf.com.br\/news\/wp-content\/uploads\/2022\/11\/Brasfort_Assembleia.jpg 700w, https:\/\/sindesvdf.com.br\/news\/wp-content\/uploads\/2022\/11\/Brasfort_Assembleia-300x171.jpg 300w\" sizes=\"auto, (max-width: 700px) 100vw, 700px\" \/><figcaption id=\"caption-attachment-16243\" class=\"wp-caption-text\">O Sindesv-DF, guardi\u00e3o dos seus direitos, tem a\u00e7\u00e3o judicial sobre diferen\u00e7a do adicional noturno<\/figcaption><\/figure>\n<p><span style=\"font-size: 14pt;\">Os vigilantes noturnos da Brasfort que estavam ou est\u00e3o trabalhando na Empresa, no per\u00edodo de 01.01.2018 a 30.09.2018 t\u00eam um importante compromisso no pr\u00f3ximo s\u00e1bado dia 12 de novembro. Estamos convocando uma Assembleia Geral desses vigilantes noturnos para tomar conhecimento e deliberar sobre mais esta a\u00e7\u00e3o impetrada pelo jur\u00eddico do Sindicato dos Vigilantes do DF.<\/span><\/p>\n<p><span style=\"font-size: 14pt;\">Trata-se do processo <strong>268-04-2020.5.10.0017<\/strong> em a\u00e7\u00e3o do Adicional Noturno que foi pago nesse per\u00edodo em percentual inferior ao estipulado na senten\u00e7a normativa do Trabalho, relativamente aos empregados da Brasfort que prestam servi\u00e7o no Distrito Federal.<\/span><\/p>\n<p><span style=\"font-size: 14pt;\"><strong>Assembleia Geral especialmente para tratar sobre a seguinte ordem do dia: <\/strong><\/span><\/p>\n<p><span style=\"font-size: 14pt;\"><strong>A)<\/strong> Apreciar e decidir sobre a proposta de acordo<\/span><\/p>\n<p><span style=\"font-size: 14pt;\">apresentada pela empresa;\u00a0<\/span><\/p>\n<p><span style=\"font-size: 14pt;\"><strong>B)<\/strong> Assuntos gerais pertinentes.<\/span><\/p>\n<p>&nbsp;<\/p>\n<p><span style=\"font-size: 14pt;\"><strong>Dia:<\/strong> 12 de novembro de 2022 \u2013 s\u00e1bado \u2013\u00a0<\/span><span style=\"font-size: 14pt;\">\u00e0s 08 horas da manh\u00e3<\/span><\/p>\n<p><span style=\"font-size: 14pt;\"><strong>Local:<\/strong> Estacionamento em frente \u00e0 Casa\u00a0<\/span><span style=\"font-size: 14pt;\">do Chocolate<\/span><\/p>\n<p><span style=\"font-size: 14pt;\"><strong>Contamos com a sua presen\u00e7a!<\/strong><\/span><\/p>\n<p class=\"wpf_wrapper\"><a class=\"print_link\" href=\"\" target=\"_blank\">Preparar para impress\u00e3o<\/a><\/p><!-- .wpf_wrapper -->","protected":false},"excerpt":{"rendered":"<p>&nbsp; Os vigilantes noturnos da Brasfort que estavam ou est\u00e3o trabalhando na Empresa, no per\u00edodo de 01.01.2018 a 30.09.2018 t\u00eam&hellip; <\/p>\n","protected":false},"author":4,"featured_media":16243,"comment_status":"closed","ping_status":"closed","sticky":false,"template":"","format":"standard","meta":{"footnotes":""},"categories":[101],"tags":[],"class_list":["post-16242","post","type-post","status-publish","format-standard","has-post-thumbnail","hentry","category-olho-vivo"],"jetpack_featured_media_url":"https:\/\/sindesvdf.com.br\/news\/wp-content\/uploads\/2022\/11\/Brasfort_Assembleia.jpg","_links":{"self":[{"href":"https:\/\/sindesvdf.com.br\/news\/wp-json\/wp\/v2\/posts\/16242","targetHints":{"allow":["GET"]}}],"collection":[{"href":"https:\/\/sindesvdf.com.br\/news\/wp-json\/wp\/v2\/posts"}],"about":[{"href":"https:\/\/sindesvdf.com.br\/news\/wp-json\/wp\/v2\/types\/post"}],"author":[{"embeddable":true,"href":"https:\/\/sindesvdf.com.br\/news\/wp-json\/wp\/v2\/users\/4"}],"replies":[{"embeddable":true,"href":"https:\/\/sindesvdf.com.br\/news\/wp-json\/wp\/v2\/comments?post=16242"}],"version-history":[{"count":5,"href":"https:\/\/sindesvdf.com.br\/news\/wp-json\/wp\/v2\/posts\/16242\/revisions"}],"predecessor-version":[{"id":16250,"href":"https:\/\/sindesvdf.com.br\/news\/wp-json\/wp\/v2\/posts\/16242\/revisions\/16250"}],"wp:featuredmedia":[{"embeddable":true,"href":"https:\/\/sindesvdf.com.br\/news\/wp-json\/wp\/v2\/media\/16243"}],"wp:attachment":[{"href":"https:\/\/sindesvdf.com.br\/news\/wp-json\/wp\/v2\/media?parent=16242"}],"wp:term":[{"taxonomy":"category","embeddable":true,"href":"https:\/\/sindesvdf.com.br\/news\/wp-json\/wp\/v2\/categories?post=16242"},{"taxonomy":"post_tag","embeddable":true,"href":"https:\/\/sindesvdf.com.br\/news\/wp-json\/wp\/v2\/tags?post=16242"}],"curies":[{"name":"wp","href":"https:\/\/api.w.org\/{rel}","templated":true}]}}