{"id":16461,"date":"2023-02-23T14:24:38","date_gmt":"2023-02-23T17:24:38","guid":{"rendered":"https:\/\/sindesvdf.com.br\/news\/?p=16461"},"modified":"2023-02-23T14:26:31","modified_gmt":"2023-02-23T17:26:31","slug":"vigilantes-que-prestam-servico-na-secretaria-de-saude-pela-ipanema-estao-sem-receber-ferias","status":"publish","type":"post","link":"https:\/\/sindesvdf.com.br\/news\/vigilantes-que-prestam-servico-na-secretaria-de-saude-pela-ipanema-estao-sem-receber-ferias\/","title":{"rendered":"Vigilantes que prestam servi\u00e7o na Secretaria de Sa\u00fade pela Ipanema est\u00e3o sem receber f\u00e9rias"},"content":{"rendered":"<figure id=\"attachment_16462\" aria-describedby=\"caption-attachment-16462\" style=\"width: 700px\" class=\"wp-caption aligncenter\"><img loading=\"lazy\" decoding=\"async\" class=\"wp-image-16462 size-full\" src=\"https:\/\/sindesvdf.com.br\/news\/wp-content\/uploads\/2023\/02\/ferias.jpg\" alt=\"\" width=\"700\" height=\"400\" srcset=\"https:\/\/sindesvdf.com.br\/news\/wp-content\/uploads\/2023\/02\/ferias.jpg 700w, https:\/\/sindesvdf.com.br\/news\/wp-content\/uploads\/2023\/02\/ferias-300x171.jpg 300w\" sizes=\"auto, (max-width: 700px) 100vw, 700px\" \/><figcaption id=\"caption-attachment-16462\" class=\"wp-caption-text\">At\u00e9 quando Ipanema? At\u00e9 quando?<\/figcaption><\/figure>\n<p><span style=\"font-size: 14pt;\">\u00c9 lament\u00e1vel que o SINDESV-DF vem, mais uma vez, denunciar a empresa Ipanema, agora sobre atraso das f\u00e9rias dos vigilantes, que venceu em 10 de fevereiro. A empresa nem pode recorrer \u00e0s desculpas costumeiras, pois o pagamento das f\u00e9rias \u00e9 previsto na fatura e pago todos os meses.<\/span><\/p>\n<p><span style=\"font-size: 14pt;\">Diante de mais uma situa\u00e7\u00e3o que causa grandes transtornos aos vigilantes, o Sindicato fez uma den\u00fancia ao Minist\u00e9rio P\u00fablico, pedindo provid\u00eancias, e \u00e0 Secretaria de Sa\u00fade.<\/span><\/p>\n<p><span style=\"font-size: 14pt;\">Tem um bom tempo que estamos aguardando o GDF fazer alguma coisa em rela\u00e7\u00e3o \u00e0s empresas que prestam servi\u00e7o, principalmente na Secretaria de Sa\u00fade e que, mesmo recebendo a fatura com a previs\u00e3o de pagamentos, atrasam sal\u00e1rios, f\u00e9rias e outros benef\u00edcios. Aguardaremos a posi\u00e7\u00e3o do Minist\u00e9rio P\u00fablico e comunicaremos aos vigilantes.<\/span><\/p>\n<p><span style=\"font-size: 14pt;\">Veja os \u00f3ficios aqui &gt;&gt;<\/span> <a href=\"https:\/\/sindesvdf.com.br\/news\/wp-content\/uploads\/2023\/02\/OF-031-IPANEMA-SECRETARIA-DE-SAUDE-INFORMANDO-MULTA-ART-134-137-DA-clt.-ATRASO-DE-PAG-DE-FERIAS-lucilene-maria-florencio.pdf\">OF-031-IPANEMA-SECRETARIA DE SAUDE -INFORMANDO MULTA ART 134, 137 DA clt. -ATRASO DE PAG DE F\u00c9RIAS-lucilene maria florencio<\/a> <a href=\"https:\/\/sindesvdf.com.br\/news\/wp-content\/uploads\/2023\/02\/OF-033-IPANEMA-MINISTERIO-PUBLICO-DO-TRABALHO-INFORMANDO-MULTA-ART-134-137-DA-clt.-ATRASO-DE-PAG.pdf\">OF-033-IPANEMA-MINISTERIO PUBLICO DO TRABALHO-INFORMANDO MULTA ART 134, 137 DA clt. -ATRASO DE PAG<\/a><\/p>\n<p class=\"wpf_wrapper\"><a class=\"print_link\" href=\"\" target=\"_blank\">Preparar para impress\u00e3o<\/a><\/p><!-- .wpf_wrapper -->","protected":false},"excerpt":{"rendered":"<p>\u00c9 lament\u00e1vel que o SINDESV-DF vem, mais uma vez, denunciar a empresa Ipanema, agora sobre atraso das f\u00e9rias dos vigilantes,&hellip; <\/p>\n","protected":false},"author":4,"featured_media":16462,"comment_status":"closed","ping_status":"closed","sticky":false,"template":"","format":"standard","meta":{"footnotes":""},"categories":[101],"tags":[],"class_list":["post-16461","post","type-post","status-publish","format-standard","has-post-thumbnail","hentry","category-olho-vivo"],"jetpack_featured_media_url":"https:\/\/sindesvdf.com.br\/news\/wp-content\/uploads\/2023\/02\/ferias.jpg","_links":{"self":[{"href":"https:\/\/sindesvdf.com.br\/news\/wp-json\/wp\/v2\/posts\/16461","targetHints":{"allow":["GET"]}}],"collection":[{"href":"https:\/\/sindesvdf.com.br\/news\/wp-json\/wp\/v2\/posts"}],"about":[{"href":"https:\/\/sindesvdf.com.br\/news\/wp-json\/wp\/v2\/types\/post"}],"author":[{"embeddable":true,"href":"https:\/\/sindesvdf.com.br\/news\/wp-json\/wp\/v2\/users\/4"}],"replies":[{"embeddable":true,"href":"https:\/\/sindesvdf.com.br\/news\/wp-json\/wp\/v2\/comments?post=16461"}],"version-history":[{"count":4,"href":"https:\/\/sindesvdf.com.br\/news\/wp-json\/wp\/v2\/posts\/16461\/revisions"}],"predecessor-version":[{"id":16466,"href":"https:\/\/sindesvdf.com.br\/news\/wp-json\/wp\/v2\/posts\/16461\/revisions\/16466"}],"wp:featuredmedia":[{"embeddable":true,"href":"https:\/\/sindesvdf.com.br\/news\/wp-json\/wp\/v2\/media\/16462"}],"wp:attachment":[{"href":"https:\/\/sindesvdf.com.br\/news\/wp-json\/wp\/v2\/media?parent=16461"}],"wp:term":[{"taxonomy":"category","embeddable":true,"href":"https:\/\/sindesvdf.com.br\/news\/wp-json\/wp\/v2\/categories?post=16461"},{"taxonomy":"post_tag","embeddable":true,"href":"https:\/\/sindesvdf.com.br\/news\/wp-json\/wp\/v2\/tags?post=16461"}],"curies":[{"name":"wp","href":"https:\/\/api.w.org\/{rel}","templated":true}]}}