{"id":16474,"date":"2023-02-28T09:43:21","date_gmt":"2023-02-28T12:43:21","guid":{"rendered":"https:\/\/sindesvdf.com.br\/news\/?p=16474"},"modified":"2023-02-28T09:44:15","modified_gmt":"2023-02-28T12:44:15","slug":"campanha-salarial-2023-trt-marca-data-de-audiencia","status":"publish","type":"post","link":"https:\/\/sindesvdf.com.br\/news\/campanha-salarial-2023-trt-marca-data-de-audiencia\/","title":{"rendered":"CAMPANHA SALARIAL 2023 \u2013 TRT marca data de audi\u00eancia"},"content":{"rendered":"<p><img loading=\"lazy\" decoding=\"async\" class=\"aligncenter wp-image-16475 size-full\" src=\"https:\/\/sindesvdf.com.br\/news\/wp-content\/uploads\/2023\/02\/08-03-22.jpg\" alt=\"\" width=\"700\" height=\"400\" srcset=\"https:\/\/sindesvdf.com.br\/news\/wp-content\/uploads\/2023\/02\/08-03-22.jpg 700w, https:\/\/sindesvdf.com.br\/news\/wp-content\/uploads\/2023\/02\/08-03-22-300x171.jpg 300w\" sizes=\"auto, (max-width: 700px) 100vw, 700px\" \/><\/p>\n<p><span style=\"font-size: 14pt;\">Foram in\u00fameras rodadas de negocia\u00e7\u00e3o e chegamos a um impasse. Os patr\u00f5es querem tirar direitos e os vigilantes defendem a manuten\u00e7\u00e3o das conquistas e reajuste salarial.<\/span><\/p>\n<p><span style=\"font-size: 14pt;\">\u00c9 inacredit\u00e1vel que os empres\u00e1rios ainda pensam em tirar mais direitos dos trabalhadores, j\u00e1 tiveram muitos ganhos com a reforma trabalhista, mas nunca \u00e9 o suficiente.<\/span><\/p>\n<p><span style=\"font-size: 14pt;\">Diante de tanta intransig\u00eancia, a dire\u00e7\u00e3o do SINDESV-DF colocou em vota\u00e7\u00e3o e os vigilantes aprovaram ESTADO DE GREVE e tamb\u00e9m definimos procurar o TRT para intermediar as negocia\u00e7\u00f5es.<\/span><\/p>\n<p><span style=\"font-size: 14pt;\">E finalmente recebemos a convoca\u00e7\u00e3o do Poder Judici\u00e1rio, assinada eletronicamente pelo presidente do Tribunal Regional do Trabalho, Desembargador Alexandre Nery de Oliveira, intimando as partes a comparecerem na audi\u00eancia de concilia\u00e7\u00e3o que ser\u00e1 realizada <strong>dia 08 de mar\u00e7o de 2023, \u00e0s 14 horas.<\/strong><\/span><\/p>\n<p><span style=\"font-size: 14pt;\"><strong>N\u00e3o vamos recuar, n\u00e3o aceitamos retrocesso.<br \/>\nSe n\u00e3o avan\u00e7ar, vamos parar!<\/strong><\/span><\/p>\n<p><span style=\"font-size: 14pt;\">Convocamos toda a categoria para nossa pr\u00f3xima assembleia,\u00a0<strong>dia 8 de mar\u00e7o de 2023 \u2013 quarta-feira, \u00e0s 19h30, na Rampa dos Vigilantes \u2013 Conic, em frente \u00e0 Casa do Chocolate.\u00a0<\/strong><\/span><\/p>\n<div style=\"width: 1110px;\" class=\"wp-video\"><video class=\"wp-video-shortcode\" id=\"video-16474-1\" width=\"1110\" height=\"624\" preload=\"metadata\" controls=\"controls\"><source type=\"video\/mp4\" src=\"https:\/\/sindesvdf.com.br\/news\/wp-content\/uploads\/2023\/02\/Aud-TRT-SITE.mp4?_=1\" \/><a href=\"https:\/\/sindesvdf.com.br\/news\/wp-content\/uploads\/2023\/02\/Aud-TRT-SITE.mp4\">https:\/\/sindesvdf.com.br\/news\/wp-content\/uploads\/2023\/02\/Aud-TRT-SITE.mp4<\/a><\/video><\/div>\n<p class=\"wpf_wrapper\"><a class=\"print_link\" href=\"\" target=\"_blank\">Preparar para impress\u00e3o<\/a><\/p><!-- .wpf_wrapper -->","protected":false},"excerpt":{"rendered":"<p>Foram in\u00fameras rodadas de negocia\u00e7\u00e3o e chegamos a um impasse. Os patr\u00f5es querem tirar direitos e os vigilantes defendem a&hellip; <\/p>\n","protected":false},"author":4,"featured_media":16475,"comment_status":"closed","ping_status":"closed","sticky":false,"template":"","format":"standard","meta":{"footnotes":""},"categories":[115],"tags":[],"class_list":["post-16474","post","type-post","status-publish","format-standard","has-post-thumbnail","hentry","category-plantao-olho-vivo"],"jetpack_featured_media_url":"https:\/\/sindesvdf.com.br\/news\/wp-content\/uploads\/2023\/02\/08-03-22.jpg","_links":{"self":[{"href":"https:\/\/sindesvdf.com.br\/news\/wp-json\/wp\/v2\/posts\/16474","targetHints":{"allow":["GET"]}}],"collection":[{"href":"https:\/\/sindesvdf.com.br\/news\/wp-json\/wp\/v2\/posts"}],"about":[{"href":"https:\/\/sindesvdf.com.br\/news\/wp-json\/wp\/v2\/types\/post"}],"author":[{"embeddable":true,"href":"https:\/\/sindesvdf.com.br\/news\/wp-json\/wp\/v2\/users\/4"}],"replies":[{"embeddable":true,"href":"https:\/\/sindesvdf.com.br\/news\/wp-json\/wp\/v2\/comments?post=16474"}],"version-history":[{"count":3,"href":"https:\/\/sindesvdf.com.br\/news\/wp-json\/wp\/v2\/posts\/16474\/revisions"}],"predecessor-version":[{"id":16478,"href":"https:\/\/sindesvdf.com.br\/news\/wp-json\/wp\/v2\/posts\/16474\/revisions\/16478"}],"wp:featuredmedia":[{"embeddable":true,"href":"https:\/\/sindesvdf.com.br\/news\/wp-json\/wp\/v2\/media\/16475"}],"wp:attachment":[{"href":"https:\/\/sindesvdf.com.br\/news\/wp-json\/wp\/v2\/media?parent=16474"}],"wp:term":[{"taxonomy":"category","embeddable":true,"href":"https:\/\/sindesvdf.com.br\/news\/wp-json\/wp\/v2\/categories?post=16474"},{"taxonomy":"post_tag","embeddable":true,"href":"https:\/\/sindesvdf.com.br\/news\/wp-json\/wp\/v2\/tags?post=16474"}],"curies":[{"name":"wp","href":"https:\/\/api.w.org\/{rel}","templated":true}]}}