{"id":16480,"date":"2023-03-01T07:42:54","date_gmt":"2023-03-01T10:42:54","guid":{"rendered":"https:\/\/sindesvdf.com.br\/news\/?p=16480"},"modified":"2023-03-01T07:42:54","modified_gmt":"2023-03-01T10:42:54","slug":"trt10-anula-e-proibe-clausula-que-reduz-o-numero-de-menor-aprendiz-e-pessoa-com-deficiencia","status":"publish","type":"post","link":"https:\/\/sindesvdf.com.br\/news\/trt10-anula-e-proibe-clausula-que-reduz-o-numero-de-menor-aprendiz-e-pessoa-com-deficiencia\/","title":{"rendered":"TRT10 anula e pro\u00edbe cl\u00e1usula que reduz o n\u00famero de menor aprendiz e pessoa com defici\u00eancia"},"content":{"rendered":"<p><img loading=\"lazy\" decoding=\"async\" class=\"aligncenter wp-image-16481 size-full\" src=\"https:\/\/sindesvdf.com.br\/news\/wp-content\/uploads\/2023\/03\/deficiente.jpg\" alt=\"\" width=\"700\" height=\"400\" srcset=\"https:\/\/sindesvdf.com.br\/news\/wp-content\/uploads\/2023\/03\/deficiente.jpg 700w, https:\/\/sindesvdf.com.br\/news\/wp-content\/uploads\/2023\/03\/deficiente-300x171.jpg 300w\" sizes=\"auto, (max-width: 700px) 100vw, 700px\" \/><\/p>\n<p><span style=\"font-size: 14pt;\">O Minist\u00e9rio P\u00fablico ajuizou uma a\u00e7\u00e3o anulat\u00f3ria em que pedia a anula\u00e7\u00e3o das\u00a0 cl\u00e1usulas vig\u00e9sima terceira e vig\u00e9sima quarta das CCT&#8217;s 2020\/2020 e 2021\/2021, cl\u00e1usulas estas\u00a0 que previam a redu\u00e7\u00e3o\u00a0 de contrata\u00e7\u00e3o do n\u00famero de menor aprendiz e pessoa com defici\u00eancia no \u00e2mbito das empresas de seguran\u00e7a e vigil\u00e2ncia.(PROCESSO n\u00ba 0000427-61.2021.5.10.0000). O TRT10 acatou por unanimidade o voto da Desembargadora CILENE FERREIRA AMARO SANTOS\u00a0 e julgou a a\u00e7\u00e3o procedente\u00a0 nos seguintes termos.<\/span><\/p>\n<p><span style=\"font-size: 14pt;\">\u201cA\u00c7\u00c3O ANULAT\u00d3RIA. CL\u00c1USULAS CONVENCIONAIS PREVENDO A REDU\u00c7\u00c3O DA BASE C\u00c1LCULO PARA CONTRATA\u00c7\u00c3O DE APRENDIZES E PESSOA COM DEFICI\u00caNCIA. O art. 429, da CLT estabelece a obrigatoriedade dos estabelecimentos de qualquer natureza empregar e matricular nos cursos dos Servi\u00e7os Nacionais de Aprendizagem n\u00famero de aprendizes, o equivalente entre 5% e 15% dos trabalhadores existentes no estabelecimento, nas fun\u00e7\u00f5es que demandem forma\u00e7\u00e3o profissional. Nos termos do art. 93 da Lei n\u00ba 8.213\/1991, a empresa com 200 a 500 empregados deve preencher 3% de seu quadro com trabalhadores de PCD&#8217;s. Tais previs\u00f5es tratam de direitos indispon\u00edveis, logo, n\u00e3o podem ser afastadas por norma coletiva, na forma do Tema 1046 da Repercuss\u00e3o Geral, motivo pelo qual as cl\u00e1usulas prevendo a redu\u00e7\u00e3o da base de c\u00e1lculo para contrata\u00e7\u00e3o de aprendizes e pessoas com defici\u00eancia s\u00e3o nulas. Tanto assim \u00e9 que o Supremo Tribunal Federal julgou improcedente a Reclama\u00e7\u00e3o n\u00ba 49.024, apresentada neste processo, contra esta Relatora pelo segundo r\u00e9u.<\/span><\/p>\n<p><span style=\"font-size: 14pt;\">Portanto, as cl\u00e1usulas perdem a validade e deixam de ter qualquer efeito jur\u00eddico. <\/span><\/p>\n<p><span style=\"font-size: 14pt;\">Assim, o sindicato cumpre a determina\u00e7\u00e3o judicial de tornar p\u00fablico a decis\u00e3o em apre\u00e7o.<\/span><\/p>\n<p class=\"wpf_wrapper\"><a class=\"print_link\" href=\"\" target=\"_blank\">Preparar para impress\u00e3o<\/a><\/p><!-- .wpf_wrapper -->","protected":false},"excerpt":{"rendered":"<p>O Minist\u00e9rio P\u00fablico ajuizou uma a\u00e7\u00e3o anulat\u00f3ria em que pedia a anula\u00e7\u00e3o das\u00a0 cl\u00e1usulas vig\u00e9sima terceira e vig\u00e9sima quarta das&hellip; <\/p>\n","protected":false},"author":4,"featured_media":16481,"comment_status":"closed","ping_status":"closed","sticky":false,"template":"","format":"standard","meta":{"footnotes":""},"categories":[101],"tags":[],"class_list":["post-16480","post","type-post","status-publish","format-standard","has-post-thumbnail","hentry","category-olho-vivo"],"jetpack_featured_media_url":"https:\/\/sindesvdf.com.br\/news\/wp-content\/uploads\/2023\/03\/deficiente.jpg","_links":{"self":[{"href":"https:\/\/sindesvdf.com.br\/news\/wp-json\/wp\/v2\/posts\/16480","targetHints":{"allow":["GET"]}}],"collection":[{"href":"https:\/\/sindesvdf.com.br\/news\/wp-json\/wp\/v2\/posts"}],"about":[{"href":"https:\/\/sindesvdf.com.br\/news\/wp-json\/wp\/v2\/types\/post"}],"author":[{"embeddable":true,"href":"https:\/\/sindesvdf.com.br\/news\/wp-json\/wp\/v2\/users\/4"}],"replies":[{"embeddable":true,"href":"https:\/\/sindesvdf.com.br\/news\/wp-json\/wp\/v2\/comments?post=16480"}],"version-history":[{"count":1,"href":"https:\/\/sindesvdf.com.br\/news\/wp-json\/wp\/v2\/posts\/16480\/revisions"}],"predecessor-version":[{"id":16482,"href":"https:\/\/sindesvdf.com.br\/news\/wp-json\/wp\/v2\/posts\/16480\/revisions\/16482"}],"wp:featuredmedia":[{"embeddable":true,"href":"https:\/\/sindesvdf.com.br\/news\/wp-json\/wp\/v2\/media\/16481"}],"wp:attachment":[{"href":"https:\/\/sindesvdf.com.br\/news\/wp-json\/wp\/v2\/media?parent=16480"}],"wp:term":[{"taxonomy":"category","embeddable":true,"href":"https:\/\/sindesvdf.com.br\/news\/wp-json\/wp\/v2\/categories?post=16480"},{"taxonomy":"post_tag","embeddable":true,"href":"https:\/\/sindesvdf.com.br\/news\/wp-json\/wp\/v2\/tags?post=16480"}],"curies":[{"name":"wp","href":"https:\/\/api.w.org\/{rel}","templated":true}]}}