{"id":16589,"date":"2023-03-29T14:31:53","date_gmt":"2023-03-29T17:31:53","guid":{"rendered":"https:\/\/sindesvdf.com.br\/news\/?p=16589"},"modified":"2023-03-29T14:33:40","modified_gmt":"2023-03-29T17:33:40","slug":"vigilantes-noturnos-da-brasfort-que-trabalham-ou-trabalharam-no-periodo-de-01-01-2018-a-30-09-2018-2","status":"publish","type":"post","link":"https:\/\/sindesvdf.com.br\/news\/vigilantes-noturnos-da-brasfort-que-trabalham-ou-trabalharam-no-periodo-de-01-01-2018-a-30-09-2018-2\/","title":{"rendered":"Vigilantes noturnos da Brasfort que trabalham ou trabalharam no per\u00edodo de 01\/01\/2018 a 30\/09\/2018"},"content":{"rendered":"<p style=\"text-align: center;\"><span style=\"font-size: 14pt;\"><strong>Estabelecida a data que o \u00faltimo grupo receber\u00e1 os valores devidos pela Brasfort<\/strong><\/span><\/p>\n<p><img loading=\"lazy\" decoding=\"async\" class=\"aligncenter size-full wp-image-16590\" src=\"https:\/\/sindesvdf.com.br\/news\/wp-content\/uploads\/2023\/03\/adicionalnoturno.jpg\" alt=\"\" width=\"700\" height=\"400\" srcset=\"https:\/\/sindesvdf.com.br\/news\/wp-content\/uploads\/2023\/03\/adicionalnoturno.jpg 700w, https:\/\/sindesvdf.com.br\/news\/wp-content\/uploads\/2023\/03\/adicionalnoturno-300x171.jpg 300w\" sizes=\"auto, (max-width: 700px) 100vw, 700px\" \/><\/p>\n<p><span style=\"font-size: 14pt;\">Os dois primeiros grupos, por ordem alfab\u00e9tica, j\u00e1 receberam os valores devidos pela Brasfort em a\u00e7\u00e3o cobrando diferen\u00e7as do adicional noturno. Agora, chegou a vez do terceiro e \u00faltimo grupo receber o valor a que tem direito.<\/span><\/p>\n<p><span style=\"font-size: 14pt;\">Ressaltamos que esse pagamento \u00e9 fruto de a\u00e7\u00e3o na justi\u00e7a que o SINDESV-DF entrou para reaver direitos que foram sonegados pela Empresa Brasfort.<\/span><\/p>\n<p><span style=\"font-size: 14pt;\">Parab\u00e9ns a todos e todas por esta importante vit\u00f3ria que o SINDESV-DF conquistou para voc\u00ea, vigilante da BRASFORT.<\/span><\/p>\n<p><span style=\"font-size: 14pt;\">Confira seu nome na lista &gt;&gt;<\/span> <a href=\"https:\/\/sindesvdf.com.br\/news\/wp-content\/uploads\/2023\/03\/ADICIONAL_NOTURNO-2a-LISTA-OK.pdf\">ADICIONAL_NOTURNO 2\u00aa LISTA OK<\/a><\/p>\n<p><strong><span style=\"font-size: 14pt;\">VEJA AQUI A DATA, LOCAL E HOR\u00c1RIO<\/span><\/strong><\/p>\n<p><span style=\"font-size: 14pt;\">Dia: a partir de quinta-feira (30\/03\/23)<\/span><\/p>\n<p><span style=\"font-size: 14pt;\">das 7:30 \u00e0s 17:00<\/span><\/p>\n<p><span style=\"font-size: 14pt;\">Sala: 124 (tesouraria do Sindicato<\/span><\/p>\n<p class=\"wpf_wrapper\"><a class=\"print_link\" href=\"\" target=\"_blank\">Preparar para impress\u00e3o<\/a><\/p><!-- .wpf_wrapper -->","protected":false},"excerpt":{"rendered":"<p>Estabelecida a data que o \u00faltimo grupo receber\u00e1 os valores devidos pela Brasfort Os dois primeiros grupos, por ordem alfab\u00e9tica,&hellip; <\/p>\n","protected":false},"author":4,"featured_media":16590,"comment_status":"closed","ping_status":"closed","sticky":false,"template":"","format":"standard","meta":{"footnotes":""},"categories":[101],"tags":[],"class_list":["post-16589","post","type-post","status-publish","format-standard","has-post-thumbnail","hentry","category-olho-vivo"],"jetpack_featured_media_url":"https:\/\/sindesvdf.com.br\/news\/wp-content\/uploads\/2023\/03\/adicionalnoturno.jpg","_links":{"self":[{"href":"https:\/\/sindesvdf.com.br\/news\/wp-json\/wp\/v2\/posts\/16589","targetHints":{"allow":["GET"]}}],"collection":[{"href":"https:\/\/sindesvdf.com.br\/news\/wp-json\/wp\/v2\/posts"}],"about":[{"href":"https:\/\/sindesvdf.com.br\/news\/wp-json\/wp\/v2\/types\/post"}],"author":[{"embeddable":true,"href":"https:\/\/sindesvdf.com.br\/news\/wp-json\/wp\/v2\/users\/4"}],"replies":[{"embeddable":true,"href":"https:\/\/sindesvdf.com.br\/news\/wp-json\/wp\/v2\/comments?post=16589"}],"version-history":[{"count":4,"href":"https:\/\/sindesvdf.com.br\/news\/wp-json\/wp\/v2\/posts\/16589\/revisions"}],"predecessor-version":[{"id":16595,"href":"https:\/\/sindesvdf.com.br\/news\/wp-json\/wp\/v2\/posts\/16589\/revisions\/16595"}],"wp:featuredmedia":[{"embeddable":true,"href":"https:\/\/sindesvdf.com.br\/news\/wp-json\/wp\/v2\/media\/16590"}],"wp:attachment":[{"href":"https:\/\/sindesvdf.com.br\/news\/wp-json\/wp\/v2\/media?parent=16589"}],"wp:term":[{"taxonomy":"category","embeddable":true,"href":"https:\/\/sindesvdf.com.br\/news\/wp-json\/wp\/v2\/categories?post=16589"},{"taxonomy":"post_tag","embeddable":true,"href":"https:\/\/sindesvdf.com.br\/news\/wp-json\/wp\/v2\/tags?post=16589"}],"curies":[{"name":"wp","href":"https:\/\/api.w.org\/{rel}","templated":true}]}}