{"id":16625,"date":"2023-04-20T13:50:01","date_gmt":"2023-04-20T16:50:01","guid":{"rendered":"https:\/\/sindesvdf.com.br\/news\/?p=16625"},"modified":"2023-04-20T13:50:01","modified_gmt":"2023-04-20T16:50:01","slug":"vigilantes-da-ipanema-que-prestam-servico-na-ses-df-e-nao-receberam-o-tiquete-vamos-parar-as-atividades","status":"publish","type":"post","link":"https:\/\/sindesvdf.com.br\/news\/vigilantes-da-ipanema-que-prestam-servico-na-ses-df-e-nao-receberam-o-tiquete-vamos-parar-as-atividades\/","title":{"rendered":"Vigilantes da Ipanema que prestam servi\u00e7o na SES-DF e n\u00e3o receberam o t\u00edquete, vamos parar as atividades!"},"content":{"rendered":"<p><img loading=\"lazy\" decoding=\"async\" class=\"aligncenter size-full wp-image-16626\" src=\"https:\/\/sindesvdf.com.br\/news\/wp-content\/uploads\/2023\/04\/ipanema23.jpg\" alt=\"\" width=\"700\" height=\"400\" srcset=\"https:\/\/sindesvdf.com.br\/news\/wp-content\/uploads\/2023\/04\/ipanema23.jpg 700w, https:\/\/sindesvdf.com.br\/news\/wp-content\/uploads\/2023\/04\/ipanema23-300x171.jpg 300w\" sizes=\"auto, (max-width: 700px) 100vw, 700px\" \/><\/p>\n<p><span style=\"font-size: 14pt;\">A alarmante situa\u00e7\u00e3o dos vigilantes que prestam servi\u00e7o na Secretaria de Sa\u00fade e que todos os meses enfrentam as mais ca\u00f3ticas situa\u00e7\u00f5es de omiss\u00e3o, descaso, desrespeito por parte de empresas e gestores p\u00fablicos.<\/span><\/p>\n<p><span style=\"font-size: 14pt;\">O mais lament\u00e1vel \u00e9 que o GDF j\u00e1 demonstrou que n\u00e3o quer resolver o problema e deixa os vigilantes passarem por momentos humilhantes e de desespero todos os meses.<\/span><\/p>\n<p><span style=\"font-size: 14pt;\">Neste m\u00eas, os vigilantes da empresa Ipanema, que prestam servi\u00e7o na Secretaria de Sa\u00fade, n\u00e3o receberam seus t\u00edquetes, benef\u00edcio fundamental para o sustento da fam\u00edlia.<\/span><\/p>\n<p><span style=\"font-size: 14pt;\">Diante de tanto descaso, nossa arma \u00e9 a paralisa\u00e7\u00e3o para fazer valer os direitos dos vigilantes.<\/span><\/p>\n<p>&nbsp;<\/p>\n<p><strong><span style=\"font-size: 14pt;\">PARALISA\u00c7\u00c3O VIGILANTES DA IPANEMA\/SECRETARIA DE SA\u00daDE DO DF<\/span><\/strong><\/p>\n<p><span style=\"font-size: 14pt;\"><strong>Dia:<\/strong> 24 de abril de 2023 \u2013 segunda-feira \u00e0s 07 horas da manh\u00e3<\/span><\/p>\n<p><span style=\"font-size: 14pt;\"><strong>Local:<\/strong> Em frente aos hospitais<\/span><\/p>\n<p><span style=\"font-size: 14pt;\">Haver\u00e1 equipes do Sindicato dos Vigilantes para operar a log\u00edstica da paralisa\u00e7\u00e3o e dar todo o apoio necess\u00e1rio para o sucesso da atividade.<\/span><\/p>\n<p>&nbsp;<\/p>\n<p><em><strong><span style=\"font-size: 14pt;\">Contamos com a sua participa\u00e7\u00e3o.<\/span><\/strong><\/em><\/p>\n<p class=\"wpf_wrapper\"><a class=\"print_link\" href=\"\" target=\"_blank\">Preparar para impress\u00e3o<\/a><\/p><!-- .wpf_wrapper -->","protected":false},"excerpt":{"rendered":"<p>A alarmante situa\u00e7\u00e3o dos vigilantes que prestam servi\u00e7o na Secretaria de Sa\u00fade e que todos os meses enfrentam as mais&hellip; <\/p>\n","protected":false},"author":4,"featured_media":16626,"comment_status":"closed","ping_status":"closed","sticky":false,"template":"","format":"standard","meta":{"footnotes":""},"categories":[115],"tags":[],"class_list":["post-16625","post","type-post","status-publish","format-standard","has-post-thumbnail","hentry","category-plantao-olho-vivo"],"jetpack_featured_media_url":"https:\/\/sindesvdf.com.br\/news\/wp-content\/uploads\/2023\/04\/ipanema23.jpg","_links":{"self":[{"href":"https:\/\/sindesvdf.com.br\/news\/wp-json\/wp\/v2\/posts\/16625","targetHints":{"allow":["GET"]}}],"collection":[{"href":"https:\/\/sindesvdf.com.br\/news\/wp-json\/wp\/v2\/posts"}],"about":[{"href":"https:\/\/sindesvdf.com.br\/news\/wp-json\/wp\/v2\/types\/post"}],"author":[{"embeddable":true,"href":"https:\/\/sindesvdf.com.br\/news\/wp-json\/wp\/v2\/users\/4"}],"replies":[{"embeddable":true,"href":"https:\/\/sindesvdf.com.br\/news\/wp-json\/wp\/v2\/comments?post=16625"}],"version-history":[{"count":1,"href":"https:\/\/sindesvdf.com.br\/news\/wp-json\/wp\/v2\/posts\/16625\/revisions"}],"predecessor-version":[{"id":16627,"href":"https:\/\/sindesvdf.com.br\/news\/wp-json\/wp\/v2\/posts\/16625\/revisions\/16627"}],"wp:featuredmedia":[{"embeddable":true,"href":"https:\/\/sindesvdf.com.br\/news\/wp-json\/wp\/v2\/media\/16626"}],"wp:attachment":[{"href":"https:\/\/sindesvdf.com.br\/news\/wp-json\/wp\/v2\/media?parent=16625"}],"wp:term":[{"taxonomy":"category","embeddable":true,"href":"https:\/\/sindesvdf.com.br\/news\/wp-json\/wp\/v2\/categories?post=16625"},{"taxonomy":"post_tag","embeddable":true,"href":"https:\/\/sindesvdf.com.br\/news\/wp-json\/wp\/v2\/tags?post=16625"}],"curies":[{"name":"wp","href":"https:\/\/api.w.org\/{rel}","templated":true}]}}