{"id":16634,"date":"2023-04-24T14:34:19","date_gmt":"2023-04-24T17:34:19","guid":{"rendered":"https:\/\/sindesvdf.com.br\/news\/?p=16634"},"modified":"2023-04-24T14:34:19","modified_gmt":"2023-04-24T17:34:19","slug":"as-despesas-com-a-reciclagem-sao-de-responsabilidade-da-empresa-empregadora","status":"publish","type":"post","link":"https:\/\/sindesvdf.com.br\/news\/as-despesas-com-a-reciclagem-sao-de-responsabilidade-da-empresa-empregadora\/","title":{"rendered":"As despesas com a reciclagem s\u00e3o de responsabilidade da empresa empregadora."},"content":{"rendered":"<p><img loading=\"lazy\" decoding=\"async\" class=\"aligncenter size-full wp-image-16635\" src=\"https:\/\/sindesvdf.com.br\/news\/wp-content\/uploads\/2023\/04\/reciclagem-23.jpg\" alt=\"\" width=\"700\" height=\"400\" srcset=\"https:\/\/sindesvdf.com.br\/news\/wp-content\/uploads\/2023\/04\/reciclagem-23.jpg 700w, https:\/\/sindesvdf.com.br\/news\/wp-content\/uploads\/2023\/04\/reciclagem-23-300x171.jpg 300w\" sizes=\"auto, (max-width: 700px) 100vw, 700px\" \/><\/p>\n<p><span style=\"font-size: 14pt;\">Independentemente do tempo de servi\u00e7o na empresa, se a reciclagem do vigilante estiver em vias de vencer, cabe \u00e0 empresa empregadora tomar as devidas provid\u00eancias para que o vigilante fa\u00e7a sua reciclagem antes do vencimento, inclusive o pagamento da mesma.<\/span><\/p>\n<p><span style=\"font-size: 14pt;\">Portanto, n\u00e3o \u00e9 verdade que a empregadora s\u00f3 vai custear a reciclagem se o vigilante estiver trabalhando no m\u00ednimo 24 meses na empresa. Ou seja, a qualquer tempo, uma semana, dois meses, um ano, por exemplo, se a reciclagem estiver prestes a vencer, a empresa deve comunicar ao vigilante e tomar as provid\u00eancias para o mesmo fazer o curso, al\u00e9m de arcar com todos os custos.<\/span><\/p>\n<p><span style=\"font-size: 14pt;\">O Sindicato dos Vigilantes do DF est\u00e1 atento, n\u00e3o permitir\u00e1 que os vigilantes sejam cobrados por despesas que n\u00e3o s\u00e3o suas e sim de total responsabilidade da empregadora. Qualquer d\u00favida ou den\u00fancia, procurem o seu Sindicato imediatamente.<\/span><\/p>\n<p><span style=\"font-size: 14pt;\">Veja o que diz a nossa Conven\u00e7\u00e3o Coletiva de Trabalho\u00a0<\/span><\/p>\n<p><strong><span style=\"font-size: 14pt;\">CL\u00c1USULA VIG\u00c9SIMA QUARTA &#8211; CURSO DE RECICLAGEM<\/span><\/strong><\/p>\n<p><span style=\"font-size: 14pt;\">Fica o empregado obrigado \u00e0 reciclagem prevista em Lei.<\/span><\/p>\n<p><span style=\"font-size: 14pt;\"><strong>Par\u00e1grafo Primeiro<\/strong> \u2013 \u00c9 vedada a cobran\u00e7a, por parte da empresa, de cursos de reciclagem.<\/span><\/p>\n<p><span style=\"font-size: 14pt;\"><strong>Par\u00e1grafo Segundo<\/strong> \u2013 O comparecimento e frequ\u00eancia ao curso de reciclagem de que trata esta cl\u00e1usula, n\u00e3o coincidir\u00e1 com o hor\u00e1rio de trabalho do vigilante.<\/span><\/p>\n<p><span style=\"font-size: 14pt;\"><strong>Par\u00e1grafo Terceiro<\/strong> \u2013 Fica a empresa obrigada a comunicar ao empregado, o in\u00edcio do curso de reciclagem, com 4 (quatro) dias de anteced\u00eancia.<\/span><\/p>\n<p><span style=\"font-size: 14pt;\"><strong>Par\u00e1grafo Quarto<\/strong> \u2013 Visando evitar transtornos e sendo da empresa a responsabilidade pelo pagamento da reciclagem, o trabalhador dever\u00e1 realizar o curso na escola de forma\u00e7\u00e3o indicada e\/ou contratada pela empresa empregadora. Caso o empregado opte por realizar o curso de reciclagem em academia diversa da indicada pela empresa, o empregado assumir\u00e1 o custeio e a responsabilidade deste curso, que dever\u00e1 ser devidamente homologado pelo DPF.<\/span><\/p>\n<p><span style=\"font-size: 14pt;\"><strong>Par\u00e1grafo Quinto<\/strong> \u2013 \u00c9 obrigat\u00f3rio o vigilante estar devidamente habilitado para a profiss\u00e3o.<\/span><\/p>\n<p class=\"wpf_wrapper\"><a class=\"print_link\" href=\"\" target=\"_blank\">Preparar para impress\u00e3o<\/a><\/p><!-- .wpf_wrapper -->","protected":false},"excerpt":{"rendered":"<p>Independentemente do tempo de servi\u00e7o na empresa, se a reciclagem do vigilante estiver em vias de vencer, cabe \u00e0 empresa&hellip; <\/p>\n","protected":false},"author":4,"featured_media":16635,"comment_status":"closed","ping_status":"closed","sticky":false,"template":"","format":"standard","meta":{"footnotes":""},"categories":[101],"tags":[],"class_list":["post-16634","post","type-post","status-publish","format-standard","has-post-thumbnail","hentry","category-olho-vivo"],"jetpack_featured_media_url":"https:\/\/sindesvdf.com.br\/news\/wp-content\/uploads\/2023\/04\/reciclagem-23.jpg","_links":{"self":[{"href":"https:\/\/sindesvdf.com.br\/news\/wp-json\/wp\/v2\/posts\/16634","targetHints":{"allow":["GET"]}}],"collection":[{"href":"https:\/\/sindesvdf.com.br\/news\/wp-json\/wp\/v2\/posts"}],"about":[{"href":"https:\/\/sindesvdf.com.br\/news\/wp-json\/wp\/v2\/types\/post"}],"author":[{"embeddable":true,"href":"https:\/\/sindesvdf.com.br\/news\/wp-json\/wp\/v2\/users\/4"}],"replies":[{"embeddable":true,"href":"https:\/\/sindesvdf.com.br\/news\/wp-json\/wp\/v2\/comments?post=16634"}],"version-history":[{"count":2,"href":"https:\/\/sindesvdf.com.br\/news\/wp-json\/wp\/v2\/posts\/16634\/revisions"}],"predecessor-version":[{"id":16637,"href":"https:\/\/sindesvdf.com.br\/news\/wp-json\/wp\/v2\/posts\/16634\/revisions\/16637"}],"wp:featuredmedia":[{"embeddable":true,"href":"https:\/\/sindesvdf.com.br\/news\/wp-json\/wp\/v2\/media\/16635"}],"wp:attachment":[{"href":"https:\/\/sindesvdf.com.br\/news\/wp-json\/wp\/v2\/media?parent=16634"}],"wp:term":[{"taxonomy":"category","embeddable":true,"href":"https:\/\/sindesvdf.com.br\/news\/wp-json\/wp\/v2\/categories?post=16634"},{"taxonomy":"post_tag","embeddable":true,"href":"https:\/\/sindesvdf.com.br\/news\/wp-json\/wp\/v2\/tags?post=16634"}],"curies":[{"name":"wp","href":"https:\/\/api.w.org\/{rel}","templated":true}]}}