{"id":16643,"date":"2023-05-01T06:14:43","date_gmt":"2023-05-01T09:14:43","guid":{"rendered":"https:\/\/sindesvdf.com.br\/news\/?p=16643"},"modified":"2023-04-27T08:16:20","modified_gmt":"2023-04-27T11:16:20","slug":"primeiro-de-maio-dia-do-trabalhador","status":"publish","type":"post","link":"https:\/\/sindesvdf.com.br\/news\/primeiro-de-maio-dia-do-trabalhador\/","title":{"rendered":"Primeiro de Maio \u2013 Dia do Trabalhador"},"content":{"rendered":"<p><img loading=\"lazy\" decoding=\"async\" class=\"aligncenter size-full wp-image-16640\" src=\"https:\/\/sindesvdf.com.br\/news\/wp-content\/uploads\/2023\/04\/trabalhador-23.jpg\" alt=\"\" width=\"700\" height=\"400\" srcset=\"https:\/\/sindesvdf.com.br\/news\/wp-content\/uploads\/2023\/04\/trabalhador-23.jpg 700w, https:\/\/sindesvdf.com.br\/news\/wp-content\/uploads\/2023\/04\/trabalhador-23-300x171.jpg 300w\" sizes=\"auto, (max-width: 700px) 100vw, 700px\" \/><\/p>\n<p><span style=\"font-size: 14pt;\">A classe trabalhadora percebeu que o sal\u00e1rio que recebia n\u00e3o dava para comprar o que ela produzia, percebeu que trabalhava apenas para enriquecer os patr\u00f5es. E al\u00e9m disso, a jornada de trabalho chegava a at\u00e9 15 horas di\u00e1rias e para comer, toda a fam\u00edlia precisava trabalhar, inclusive as crian\u00e7as.<\/span><\/p>\n<p><span style=\"font-size: 14pt;\">A classe oper\u00e1ria percebeu, tamb\u00e9m, que estava em maior n\u00famero e podia se organizar para mudar esta triste realidade de fome, mis\u00e9ria e maus tratos. No dia primeiro de maio de 1886, em Chicago nos Estados Unidos, milhares de oper\u00e1rios iniciaram uma greve reivindicando a redu\u00e7\u00e3o da jornada de trabalho de 13 horas para 08 horas.<\/span><\/p>\n<p><span style=\"font-size: 14pt;\">O movimento teve mortos e feridos e centenas de pris\u00f5es, por isso, a data de 1\u00ba de maio foi escolhida como Dia Internacional dos Trabalhadores em homenagem a esses oper\u00e1rios. E desde ent\u00e3o, a data, que \u00e9 um feriado no Brasil e in\u00fameros outros pa\u00edses, \u00e9 um dia de comemora\u00e7\u00e3o por tudo o que conquistamos e reafirma\u00e7\u00e3o da luta pelo que ainda temos a conquistar.<\/span><\/p>\n<p><span style=\"font-size: 14pt;\">Se olharmos o in\u00edcio do uso da m\u00e3o de obra para a produ\u00e7\u00e3o de alimentos e bens de consumo, e as condi\u00e7\u00f5es degradantes a que esses homens, mulheres e crian\u00e7as eram submetidos com jornadas di\u00e1rias e sem descanso por at\u00e9 15 horas, sem f\u00e9rias, sem carteira de trabalho, sem direito a aposentadoria, sem acesso \u00e0 produ\u00e7\u00e3o e consumo, sem sal\u00e1rio m\u00ednimo e ganhando o suficiente para sobreviver e produzir, perceberemos que as mudan\u00e7as foram bem recentes e muitos morreram para que o trabalhador hoje tivesse:<\/span><\/p>\n<p><span style=\"font-size: 14pt;\">Sal\u00e1rio, f\u00e9rias remuneradas, 13\u00ba sal\u00e1rio, aposentadoria, carteira de trabalho assinada, dentre outros direitos. Sabe o que foi preciso para a conquista desses direitos? Muita luta e enfrentamento.<\/span><\/p>\n<p><span style=\"font-size: 14pt;\">Uma luta que jamais ter\u00e1 fim, pois \u00e0 medida que a classe trabalhadora reivindica mais e mais melhorias, ela deve manter a organiza\u00e7\u00e3o, a mobiliza\u00e7\u00e3o e a uni\u00e3o, seguindo firmemente com o seu sindicato por uma vida melhor.<\/span><\/p>\n<p><em><strong><span style=\"font-size: 14pt;\">Viva o Primeiro de Maio!<\/span><\/strong><\/em><\/p>\n<p class=\"wpf_wrapper\"><a class=\"print_link\" href=\"\" target=\"_blank\">Preparar para impress\u00e3o<\/a><\/p><!-- .wpf_wrapper -->","protected":false},"excerpt":{"rendered":"<p>A classe trabalhadora percebeu que o sal\u00e1rio que recebia n\u00e3o dava para comprar o que ela produzia, percebeu que trabalhava&hellip; <\/p>\n","protected":false},"author":4,"featured_media":16640,"comment_status":"closed","ping_status":"closed","sticky":false,"template":"","format":"standard","meta":{"footnotes":""},"categories":[101],"tags":[],"class_list":["post-16643","post","type-post","status-publish","format-standard","has-post-thumbnail","hentry","category-olho-vivo"],"jetpack_featured_media_url":"https:\/\/sindesvdf.com.br\/news\/wp-content\/uploads\/2023\/04\/trabalhador-23.jpg","_links":{"self":[{"href":"https:\/\/sindesvdf.com.br\/news\/wp-json\/wp\/v2\/posts\/16643","targetHints":{"allow":["GET"]}}],"collection":[{"href":"https:\/\/sindesvdf.com.br\/news\/wp-json\/wp\/v2\/posts"}],"about":[{"href":"https:\/\/sindesvdf.com.br\/news\/wp-json\/wp\/v2\/types\/post"}],"author":[{"embeddable":true,"href":"https:\/\/sindesvdf.com.br\/news\/wp-json\/wp\/v2\/users\/4"}],"replies":[{"embeddable":true,"href":"https:\/\/sindesvdf.com.br\/news\/wp-json\/wp\/v2\/comments?post=16643"}],"version-history":[{"count":1,"href":"https:\/\/sindesvdf.com.br\/news\/wp-json\/wp\/v2\/posts\/16643\/revisions"}],"predecessor-version":[{"id":16644,"href":"https:\/\/sindesvdf.com.br\/news\/wp-json\/wp\/v2\/posts\/16643\/revisions\/16644"}],"wp:featuredmedia":[{"embeddable":true,"href":"https:\/\/sindesvdf.com.br\/news\/wp-json\/wp\/v2\/media\/16640"}],"wp:attachment":[{"href":"https:\/\/sindesvdf.com.br\/news\/wp-json\/wp\/v2\/media?parent=16643"}],"wp:term":[{"taxonomy":"category","embeddable":true,"href":"https:\/\/sindesvdf.com.br\/news\/wp-json\/wp\/v2\/categories?post=16643"},{"taxonomy":"post_tag","embeddable":true,"href":"https:\/\/sindesvdf.com.br\/news\/wp-json\/wp\/v2\/tags?post=16643"}],"curies":[{"name":"wp","href":"https:\/\/api.w.org\/{rel}","templated":true}]}}