{"id":16664,"date":"2023-06-13T07:46:35","date_gmt":"2023-06-13T10:46:35","guid":{"rendered":"https:\/\/sindesvdf.com.br\/news\/?p=16664"},"modified":"2023-06-13T07:52:54","modified_gmt":"2023-06-13T10:52:54","slug":"confederal-atrasa-salarios-o-que-esta-acontecendo-com-a-empresa","status":"publish","type":"post","link":"https:\/\/sindesvdf.com.br\/news\/confederal-atrasa-salarios-o-que-esta-acontecendo-com-a-empresa\/","title":{"rendered":"Confederal atrasa sal\u00e1rios. O que est\u00e1 acontecendo com a empresa?"},"content":{"rendered":"<p><img loading=\"lazy\" decoding=\"async\" class=\"aligncenter size-full wp-image-16668\" src=\"https:\/\/sindesvdf.com.br\/news\/wp-content\/uploads\/2023\/06\/confederalos.jpg\" alt=\"\" width=\"700\" height=\"400\" srcset=\"https:\/\/sindesvdf.com.br\/news\/wp-content\/uploads\/2023\/06\/confederalos.jpg 700w, https:\/\/sindesvdf.com.br\/news\/wp-content\/uploads\/2023\/06\/confederalos-300x171.jpg 300w\" sizes=\"auto, (max-width: 700px) 100vw, 700px\" \/><\/p>\n<p><span style=\"font-size: 14pt;\">De uns oito meses para c\u00e1, a Confederal, uma empresa renomada, que sempre pagava seus empregados em dia, passou a atrasar o pagamento de seus empregados que prestam servi\u00e7o em v\u00e1rios \u00f3rg\u00e3os como Caixa, Secretarias de Planejamento e de Educa\u00e7\u00e3o entre outros.<\/span><\/p>\n<p><span style=\"font-size: 14pt;\">Diante desses atrasos, no m\u00eas passado (maio), o Sindicato encaminhou of\u00edcio ao Minist\u00e9rio P\u00fablico do Trabalho e ficou firmado no MP que, se a Empresa continuasse atrasando os sal\u00e1rios dos vigilantes, o SINDESV-DF deveria informar ao \u00f3rg\u00e3o imediatamente.<\/span><\/p>\n<p><span style=\"font-size: 14pt;\">E foi exatamente o que fizemos e estamos aguardando as devidas provid\u00eancias do MP, pois \u00e9 inadmiss\u00edvel que os vigilantes sofram atrasos em seus sal\u00e1rios frequentemente, comprometendo seus compromissos mensais e inadi\u00e1veis, como o sustento de suas fam\u00edlias.<\/span><\/p>\n<p><span style=\"font-size: 14pt;\">Esperamos que a Confederal assuma o compromisso de pagar seus empregados em dia e respeitar seus direitos.<\/span><\/p>\n<p class=\"wpf_wrapper\"><a class=\"print_link\" href=\"\" target=\"_blank\">Preparar para impress\u00e3o<\/a><\/p><!-- .wpf_wrapper -->","protected":false},"excerpt":{"rendered":"<p>De uns oito meses para c\u00e1, a Confederal, uma empresa renomada, que sempre pagava seus empregados em dia, passou a&hellip; <\/p>\n","protected":false},"author":4,"featured_media":16668,"comment_status":"closed","ping_status":"closed","sticky":false,"template":"","format":"standard","meta":{"footnotes":""},"categories":[7,101],"tags":[],"class_list":["post-16664","post","type-post","status-publish","format-standard","has-post-thumbnail","hentry","category-noticias","category-olho-vivo"],"jetpack_featured_media_url":"https:\/\/sindesvdf.com.br\/news\/wp-content\/uploads\/2023\/06\/confederalos.jpg","_links":{"self":[{"href":"https:\/\/sindesvdf.com.br\/news\/wp-json\/wp\/v2\/posts\/16664","targetHints":{"allow":["GET"]}}],"collection":[{"href":"https:\/\/sindesvdf.com.br\/news\/wp-json\/wp\/v2\/posts"}],"about":[{"href":"https:\/\/sindesvdf.com.br\/news\/wp-json\/wp\/v2\/types\/post"}],"author":[{"embeddable":true,"href":"https:\/\/sindesvdf.com.br\/news\/wp-json\/wp\/v2\/users\/4"}],"replies":[{"embeddable":true,"href":"https:\/\/sindesvdf.com.br\/news\/wp-json\/wp\/v2\/comments?post=16664"}],"version-history":[{"count":3,"href":"https:\/\/sindesvdf.com.br\/news\/wp-json\/wp\/v2\/posts\/16664\/revisions"}],"predecessor-version":[{"id":16667,"href":"https:\/\/sindesvdf.com.br\/news\/wp-json\/wp\/v2\/posts\/16664\/revisions\/16667"}],"wp:featuredmedia":[{"embeddable":true,"href":"https:\/\/sindesvdf.com.br\/news\/wp-json\/wp\/v2\/media\/16668"}],"wp:attachment":[{"href":"https:\/\/sindesvdf.com.br\/news\/wp-json\/wp\/v2\/media?parent=16664"}],"wp:term":[{"taxonomy":"category","embeddable":true,"href":"https:\/\/sindesvdf.com.br\/news\/wp-json\/wp\/v2\/categories?post=16664"},{"taxonomy":"post_tag","embeddable":true,"href":"https:\/\/sindesvdf.com.br\/news\/wp-json\/wp\/v2\/tags?post=16664"}],"curies":[{"name":"wp","href":"https:\/\/api.w.org\/{rel}","templated":true}]}}