{"id":16674,"date":"2023-06-20T08:29:48","date_gmt":"2023-06-20T11:29:48","guid":{"rendered":"https:\/\/sindesvdf.com.br\/news\/?p=16674"},"modified":"2023-06-20T08:29:48","modified_gmt":"2023-06-20T11:29:48","slug":"o-20-de-junho-e-um-dia-especial-e-o-dia-do-vigilante","status":"publish","type":"post","link":"https:\/\/sindesvdf.com.br\/news\/o-20-de-junho-e-um-dia-especial-e-o-dia-do-vigilante\/","title":{"rendered":"O 20 de junho \u00e9 um dia especial: \u00e9 o dia do vigilante!"},"content":{"rendered":"<p><img loading=\"lazy\" decoding=\"async\" class=\"aligncenter size-full wp-image-16672\" src=\"https:\/\/sindesvdf.com.br\/news\/wp-content\/uploads\/2023\/06\/Dia-do-Vigilante.jpg\" alt=\"\" width=\"700\" height=\"400\" srcset=\"https:\/\/sindesvdf.com.br\/news\/wp-content\/uploads\/2023\/06\/Dia-do-Vigilante.jpg 700w, https:\/\/sindesvdf.com.br\/news\/wp-content\/uploads\/2023\/06\/Dia-do-Vigilante-300x171.jpg 300w\" sizes=\"auto, (max-width: 700px) 100vw, 700px\" \/><\/p>\n<p><span style=\"font-size: 14pt;\">O vigilante faz parte daquele time de trabalhador essencial, que \u00e9 fundamental para toda a sociedade, protege o patrim\u00f4nio e cuida de vidas.<\/span><\/p>\n<p><span style=\"font-size: 14pt;\">Em cada posto de servi\u00e7o h\u00e1 um homem ou uma mulher de coragem, atentos aos seus deveres e compromissados com a atividade que exercem com profissionalismo. Muitas e muitas vezes s\u00e3o injusti\u00e7ados com atrasos em seus sal\u00e1rios e benef\u00edcios, sem falar das in\u00fameras tentativas de lhes tirar direitos duramente conquistados com muita luta ao lado do Sindicato.<\/span><\/p>\n<p><span style=\"font-size: 14pt;\">Vigilante \u00e9 sin\u00f4nimo de for\u00e7a e quando se une e se mobiliza, \u00e9 uma m\u00e1quina de triturar retrocessos que os patr\u00f5es tentam impor constantemente, mas, esbarram na resist\u00eancia de uma categoria que tem a f\u00e9 inabal\u00e1vel de que s\u00f3 com luta, conquistamos mais.<\/span><\/p>\n<p><span style=\"font-size: 14pt;\">PARAB\u00c9NS MULHER VIGILANTE E PARAB\u00c9NS HOMEM VIGILANTE, PESSOAS VALOR0SAS QUE HONRAM A PROFISS\u00c3O E MERECEM RESPEITO COM SAL\u00c1RIOS E BENEF\u00cdCIOS EM DIA E AVAN\u00c7OS EM SUAS CONQUISTAS.<\/span><\/p>\n<p class=\"wpf_wrapper\"><a class=\"print_link\" href=\"\" target=\"_blank\">Preparar para impress\u00e3o<\/a><\/p><!-- .wpf_wrapper -->","protected":false},"excerpt":{"rendered":"<p>O vigilante faz parte daquele time de trabalhador essencial, que \u00e9 fundamental para toda a sociedade, protege o patrim\u00f4nio e&hellip; <\/p>\n","protected":false},"author":4,"featured_media":16672,"comment_status":"closed","ping_status":"closed","sticky":false,"template":"","format":"standard","meta":{"footnotes":""},"categories":[101],"tags":[],"class_list":["post-16674","post","type-post","status-publish","format-standard","has-post-thumbnail","hentry","category-olho-vivo"],"jetpack_featured_media_url":"https:\/\/sindesvdf.com.br\/news\/wp-content\/uploads\/2023\/06\/Dia-do-Vigilante.jpg","_links":{"self":[{"href":"https:\/\/sindesvdf.com.br\/news\/wp-json\/wp\/v2\/posts\/16674","targetHints":{"allow":["GET"]}}],"collection":[{"href":"https:\/\/sindesvdf.com.br\/news\/wp-json\/wp\/v2\/posts"}],"about":[{"href":"https:\/\/sindesvdf.com.br\/news\/wp-json\/wp\/v2\/types\/post"}],"author":[{"embeddable":true,"href":"https:\/\/sindesvdf.com.br\/news\/wp-json\/wp\/v2\/users\/4"}],"replies":[{"embeddable":true,"href":"https:\/\/sindesvdf.com.br\/news\/wp-json\/wp\/v2\/comments?post=16674"}],"version-history":[{"count":2,"href":"https:\/\/sindesvdf.com.br\/news\/wp-json\/wp\/v2\/posts\/16674\/revisions"}],"predecessor-version":[{"id":16676,"href":"https:\/\/sindesvdf.com.br\/news\/wp-json\/wp\/v2\/posts\/16674\/revisions\/16676"}],"wp:featuredmedia":[{"embeddable":true,"href":"https:\/\/sindesvdf.com.br\/news\/wp-json\/wp\/v2\/media\/16672"}],"wp:attachment":[{"href":"https:\/\/sindesvdf.com.br\/news\/wp-json\/wp\/v2\/media?parent=16674"}],"wp:term":[{"taxonomy":"category","embeddable":true,"href":"https:\/\/sindesvdf.com.br\/news\/wp-json\/wp\/v2\/categories?post=16674"},{"taxonomy":"post_tag","embeddable":true,"href":"https:\/\/sindesvdf.com.br\/news\/wp-json\/wp\/v2\/tags?post=16674"}],"curies":[{"name":"wp","href":"https:\/\/api.w.org\/{rel}","templated":true}]}}