{"id":16686,"date":"2023-07-14T08:06:00","date_gmt":"2023-07-14T11:06:00","guid":{"rendered":"https:\/\/sindesvdf.com.br\/news\/?p=16686"},"modified":"2023-07-14T08:06:00","modified_gmt":"2023-07-14T11:06:00","slug":"filha-de-vigilante-se-gradua-em-psicologia-usando-o-convenio-do-sindesv-df","status":"publish","type":"post","link":"https:\/\/sindesvdf.com.br\/news\/filha-de-vigilante-se-gradua-em-psicologia-usando-o-convenio-do-sindesv-df\/","title":{"rendered":"Filha de vigilante se gradua em Psicologia usando o conv\u00eanio do SINDESV-DF"},"content":{"rendered":"<p><img loading=\"lazy\" decoding=\"async\" class=\"aligncenter size-full wp-image-16687\" src=\"https:\/\/sindesvdf.com.br\/news\/wp-content\/uploads\/2023\/07\/Sonnimar.jpg\" alt=\"\" width=\"700\" height=\"400\" srcset=\"https:\/\/sindesvdf.com.br\/news\/wp-content\/uploads\/2023\/07\/Sonnimar.jpg 700w, https:\/\/sindesvdf.com.br\/news\/wp-content\/uploads\/2023\/07\/Sonnimar-300x171.jpg 300w\" sizes=\"auto, (max-width: 700px) 100vw, 700px\" \/><\/p>\n<p><span style=\"font-size: 14pt;\">A vigilante Sonnimar Nascimento Torres de Oliveira est\u00e1 feliz da vida com a gradua\u00e7\u00e3o de sua filha Amanda Paula, que agora \u00e9 doutora, pois fez cinco anos de psicologia na UDF e sempre usou o conv\u00eanio do Sindicato dos Vigilantes que d\u00e1 desconto nas faculdades.<\/span><\/p>\n<p><span style=\"font-size: 14pt;\">A vigilante Sonnimar nasceu em Paulo Ramos-Maranh\u00e3o no dia 19\/09\/1968, \u00e9 vigilante h\u00e1 22 anos e presta servi\u00e7o no Minist\u00e9rio da Fazenda. Ela disse que \u00e9 muito agradecida ao emprego que tem de vigilante e que o desconto na mensalidade, atrav\u00e9s do conv\u00eanio do Sindicato, foi de grande ajuda para formar a filha, que ter\u00e1 a cola\u00e7\u00e3o de grau no dia 21 de agosto de 2023.<\/span><\/p>\n<p><span style=\"font-size: 14pt;\">Agora, Sonnimar espera que sua filha arrume um emprego em sua \u00e1rea.<\/span><\/p>\n<p><span style=\"font-size: 14pt;\">A dire\u00e7\u00e3o do SINDESV-DF parabeniza m\u00e3e e filha pela realiza\u00e7\u00e3o deste grande sonho desejando prosperidade, sa\u00fade e muito amor em suas jornadas.<\/span><\/p>\n<p class=\"wpf_wrapper\"><a class=\"print_link\" href=\"\" target=\"_blank\">Preparar para impress\u00e3o<\/a><\/p><!-- .wpf_wrapper -->","protected":false},"excerpt":{"rendered":"<p>A vigilante Sonnimar Nascimento Torres de Oliveira est\u00e1 feliz da vida com a gradua\u00e7\u00e3o de sua filha Amanda Paula, que&hellip; <\/p>\n","protected":false},"author":4,"featured_media":16687,"comment_status":"closed","ping_status":"closed","sticky":false,"template":"","format":"standard","meta":{"footnotes":""},"categories":[115],"tags":[],"class_list":["post-16686","post","type-post","status-publish","format-standard","has-post-thumbnail","hentry","category-plantao-olho-vivo"],"jetpack_featured_media_url":"https:\/\/sindesvdf.com.br\/news\/wp-content\/uploads\/2023\/07\/Sonnimar.jpg","_links":{"self":[{"href":"https:\/\/sindesvdf.com.br\/news\/wp-json\/wp\/v2\/posts\/16686","targetHints":{"allow":["GET"]}}],"collection":[{"href":"https:\/\/sindesvdf.com.br\/news\/wp-json\/wp\/v2\/posts"}],"about":[{"href":"https:\/\/sindesvdf.com.br\/news\/wp-json\/wp\/v2\/types\/post"}],"author":[{"embeddable":true,"href":"https:\/\/sindesvdf.com.br\/news\/wp-json\/wp\/v2\/users\/4"}],"replies":[{"embeddable":true,"href":"https:\/\/sindesvdf.com.br\/news\/wp-json\/wp\/v2\/comments?post=16686"}],"version-history":[{"count":1,"href":"https:\/\/sindesvdf.com.br\/news\/wp-json\/wp\/v2\/posts\/16686\/revisions"}],"predecessor-version":[{"id":16688,"href":"https:\/\/sindesvdf.com.br\/news\/wp-json\/wp\/v2\/posts\/16686\/revisions\/16688"}],"wp:featuredmedia":[{"embeddable":true,"href":"https:\/\/sindesvdf.com.br\/news\/wp-json\/wp\/v2\/media\/16687"}],"wp:attachment":[{"href":"https:\/\/sindesvdf.com.br\/news\/wp-json\/wp\/v2\/media?parent=16686"}],"wp:term":[{"taxonomy":"category","embeddable":true,"href":"https:\/\/sindesvdf.com.br\/news\/wp-json\/wp\/v2\/categories?post=16686"},{"taxonomy":"post_tag","embeddable":true,"href":"https:\/\/sindesvdf.com.br\/news\/wp-json\/wp\/v2\/tags?post=16686"}],"curies":[{"name":"wp","href":"https:\/\/api.w.org\/{rel}","templated":true}]}}