{"id":16691,"date":"2023-07-18T08:23:50","date_gmt":"2023-07-18T11:23:50","guid":{"rendered":"https:\/\/sindesvdf.com.br\/news\/?p=16691"},"modified":"2023-07-18T08:24:14","modified_gmt":"2023-07-18T11:24:14","slug":"vigilantes-noturnos-da-brasfort-que-estao-na-acao-do-adicional-noturno-venham-buscar-o-seu-cheque","status":"publish","type":"post","link":"https:\/\/sindesvdf.com.br\/news\/vigilantes-noturnos-da-brasfort-que-estao-na-acao-do-adicional-noturno-venham-buscar-o-seu-cheque\/","title":{"rendered":"Vigilantes noturnos da Brasfort que est\u00e3o na a\u00e7\u00e3o do adicional noturno, venham buscar o seu cheque"},"content":{"rendered":"<p><img loading=\"lazy\" decoding=\"async\" class=\"aligncenter size-full wp-image-16693\" src=\"https:\/\/sindesvdf.com.br\/news\/wp-content\/uploads\/2023\/07\/cheque.jpg\" alt=\"\" width=\"700\" height=\"400\" srcset=\"https:\/\/sindesvdf.com.br\/news\/wp-content\/uploads\/2023\/07\/cheque.jpg 700w, https:\/\/sindesvdf.com.br\/news\/wp-content\/uploads\/2023\/07\/cheque-300x171.jpg 300w\" sizes=\"auto, (max-width: 700px) 100vw, 700px\" \/><\/p>\n<p><span style=\"font-size: 14pt;\">Temos quase cem vigilantes noturnos, que est\u00e3o na a\u00e7\u00e3o do adicional noturno, que trabalhavam ou trabalham na Brasfort e estavam na empresa no per\u00edodo de janeiro\/2018\u00a0 a setembro de 2018, para que compare\u00e7am ao Sindicato dos Vigilantes do DF, no Conic,<strong> sala 124 (Tesouraria)<\/strong>, pois tem um cheque esperando por voc\u00ea.<\/span><\/p>\n<p><span style=\"font-size: 14pt;\"><strong>Veja se o seu nome est\u00e1 na lista<\/strong>&gt;&gt; <a href=\"https:\/\/sindesvdf.com.br\/news\/wp-content\/uploads\/2023\/07\/BRASFORT_lista.pdf\">BRASFORT_lista<\/a><\/span><\/p>\n<p class=\"wpf_wrapper\"><a class=\"print_link\" href=\"\" target=\"_blank\">Preparar para impress\u00e3o<\/a><\/p><!-- .wpf_wrapper -->","protected":false},"excerpt":{"rendered":"<p>Temos quase cem vigilantes noturnos, que est\u00e3o na a\u00e7\u00e3o do adicional noturno, que trabalhavam ou trabalham na Brasfort e estavam&hellip; <\/p>\n","protected":false},"author":4,"featured_media":16693,"comment_status":"closed","ping_status":"closed","sticky":false,"template":"","format":"standard","meta":{"footnotes":""},"categories":[101],"tags":[],"class_list":["post-16691","post","type-post","status-publish","format-standard","has-post-thumbnail","hentry","category-olho-vivo"],"jetpack_featured_media_url":"https:\/\/sindesvdf.com.br\/news\/wp-content\/uploads\/2023\/07\/cheque.jpg","_links":{"self":[{"href":"https:\/\/sindesvdf.com.br\/news\/wp-json\/wp\/v2\/posts\/16691","targetHints":{"allow":["GET"]}}],"collection":[{"href":"https:\/\/sindesvdf.com.br\/news\/wp-json\/wp\/v2\/posts"}],"about":[{"href":"https:\/\/sindesvdf.com.br\/news\/wp-json\/wp\/v2\/types\/post"}],"author":[{"embeddable":true,"href":"https:\/\/sindesvdf.com.br\/news\/wp-json\/wp\/v2\/users\/4"}],"replies":[{"embeddable":true,"href":"https:\/\/sindesvdf.com.br\/news\/wp-json\/wp\/v2\/comments?post=16691"}],"version-history":[{"count":2,"href":"https:\/\/sindesvdf.com.br\/news\/wp-json\/wp\/v2\/posts\/16691\/revisions"}],"predecessor-version":[{"id":16695,"href":"https:\/\/sindesvdf.com.br\/news\/wp-json\/wp\/v2\/posts\/16691\/revisions\/16695"}],"wp:featuredmedia":[{"embeddable":true,"href":"https:\/\/sindesvdf.com.br\/news\/wp-json\/wp\/v2\/media\/16693"}],"wp:attachment":[{"href":"https:\/\/sindesvdf.com.br\/news\/wp-json\/wp\/v2\/media?parent=16691"}],"wp:term":[{"taxonomy":"category","embeddable":true,"href":"https:\/\/sindesvdf.com.br\/news\/wp-json\/wp\/v2\/categories?post=16691"},{"taxonomy":"post_tag","embeddable":true,"href":"https:\/\/sindesvdf.com.br\/news\/wp-json\/wp\/v2\/tags?post=16691"}],"curies":[{"name":"wp","href":"https:\/\/api.w.org\/{rel}","templated":true}]}}