{"id":16696,"date":"2023-07-19T13:19:47","date_gmt":"2023-07-19T16:19:47","guid":{"rendered":"https:\/\/sindesvdf.com.br\/news\/?p=16696"},"modified":"2023-07-20T07:58:54","modified_gmt":"2023-07-20T10:58:54","slug":"comunicado-segunda-24-7-23-o-sindesv-df-estara-fechado-em-razao-da-estreia-do-brasil-na-copa-do-mundo-de-futebol-feminino","status":"publish","type":"post","link":"https:\/\/sindesvdf.com.br\/news\/comunicado-segunda-24-7-23-o-sindesv-df-estara-fechado-em-razao-da-estreia-do-brasil-na-copa-do-mundo-de-futebol-feminino\/","title":{"rendered":"COMUNICADO: Segunda, 24\/7\/23, o Sindesv-DF estar\u00e1 fechado em raz\u00e3o da estreia do Brasil na Copa do Mundo de futebol feminino."},"content":{"rendered":"<p><img loading=\"lazy\" decoding=\"async\" class=\"aligncenter size-full wp-image-16697\" src=\"https:\/\/sindesvdf.com.br\/news\/wp-content\/uploads\/2023\/07\/copafem.jpg\" alt=\"\" width=\"700\" height=\"400\" srcset=\"https:\/\/sindesvdf.com.br\/news\/wp-content\/uploads\/2023\/07\/copafem.jpg 700w, https:\/\/sindesvdf.com.br\/news\/wp-content\/uploads\/2023\/07\/copafem-300x171.jpg 300w\" sizes=\"auto, (max-width: 700px) 100vw, 700px\" \/><\/p>\n<p><span style=\"font-size: 14pt;\"><strong>GDF<\/strong> e\u00a0<strong>GOVERNO FEDERAL<\/strong> decretaram que nos dias de jogos do Brasil na Copa do Mundo de Futebol Feminino ser\u00e1 ponto facultativo, exatamente como acontece durante a Copa do Mundo de Futebol Masculino.<\/span><\/p>\n<p><span style=\"font-size: 14pt;\">Por essa raz\u00e3o, na segunda-feira, dia 24 de julho de 2023, o Sindicato estar\u00e1 fechado e retornaremos com nossas atividades na ter\u00e7a-feira, 25\/07\/2023<\/span><\/p>\n<p class=\"wpf_wrapper\"><a class=\"print_link\" href=\"\" target=\"_blank\">Preparar para impress\u00e3o<\/a><\/p><!-- .wpf_wrapper -->","protected":false},"excerpt":{"rendered":"<p>GDF e\u00a0GOVERNO FEDERAL decretaram que nos dias de jogos do Brasil na Copa do Mundo de Futebol Feminino ser\u00e1 ponto&hellip; <\/p>\n","protected":false},"author":4,"featured_media":16697,"comment_status":"closed","ping_status":"closed","sticky":false,"template":"","format":"standard","meta":{"footnotes":""},"categories":[101],"tags":[],"class_list":["post-16696","post","type-post","status-publish","format-standard","has-post-thumbnail","hentry","category-olho-vivo"],"jetpack_featured_media_url":"https:\/\/sindesvdf.com.br\/news\/wp-content\/uploads\/2023\/07\/copafem.jpg","_links":{"self":[{"href":"https:\/\/sindesvdf.com.br\/news\/wp-json\/wp\/v2\/posts\/16696","targetHints":{"allow":["GET"]}}],"collection":[{"href":"https:\/\/sindesvdf.com.br\/news\/wp-json\/wp\/v2\/posts"}],"about":[{"href":"https:\/\/sindesvdf.com.br\/news\/wp-json\/wp\/v2\/types\/post"}],"author":[{"embeddable":true,"href":"https:\/\/sindesvdf.com.br\/news\/wp-json\/wp\/v2\/users\/4"}],"replies":[{"embeddable":true,"href":"https:\/\/sindesvdf.com.br\/news\/wp-json\/wp\/v2\/comments?post=16696"}],"version-history":[{"count":3,"href":"https:\/\/sindesvdf.com.br\/news\/wp-json\/wp\/v2\/posts\/16696\/revisions"}],"predecessor-version":[{"id":16700,"href":"https:\/\/sindesvdf.com.br\/news\/wp-json\/wp\/v2\/posts\/16696\/revisions\/16700"}],"wp:featuredmedia":[{"embeddable":true,"href":"https:\/\/sindesvdf.com.br\/news\/wp-json\/wp\/v2\/media\/16697"}],"wp:attachment":[{"href":"https:\/\/sindesvdf.com.br\/news\/wp-json\/wp\/v2\/media?parent=16696"}],"wp:term":[{"taxonomy":"category","embeddable":true,"href":"https:\/\/sindesvdf.com.br\/news\/wp-json\/wp\/v2\/categories?post=16696"},{"taxonomy":"post_tag","embeddable":true,"href":"https:\/\/sindesvdf.com.br\/news\/wp-json\/wp\/v2\/tags?post=16696"}],"curies":[{"name":"wp","href":"https:\/\/api.w.org\/{rel}","templated":true}]}}