{"id":16710,"date":"2023-07-31T13:38:29","date_gmt":"2023-07-31T16:38:29","guid":{"rendered":"https:\/\/sindesvdf.com.br\/news\/?p=16710"},"modified":"2023-07-31T13:38:53","modified_gmt":"2023-07-31T16:38:53","slug":"atencao-vigilantes-das-empresas-ipanema-e-aval-seguranca","status":"publish","type":"post","link":"https:\/\/sindesvdf.com.br\/news\/atencao-vigilantes-das-empresas-ipanema-e-aval-seguranca\/","title":{"rendered":"Aten\u00e7\u00e3o vigilantes das empresas Ipanema e Aval Seguran\u00e7a"},"content":{"rendered":"<figure id=\"attachment_16711\" aria-describedby=\"caption-attachment-16711\" style=\"width: 700px\" class=\"wp-caption aligncenter\"><img loading=\"lazy\" decoding=\"async\" class=\"wp-image-16711 size-full\" src=\"https:\/\/sindesvdf.com.br\/news\/wp-content\/uploads\/2023\/07\/FGTSS.jpg\" alt=\"\" width=\"700\" height=\"400\" srcset=\"https:\/\/sindesvdf.com.br\/news\/wp-content\/uploads\/2023\/07\/FGTSS.jpg 700w, https:\/\/sindesvdf.com.br\/news\/wp-content\/uploads\/2023\/07\/FGTSS-300x171.jpg 300w\" sizes=\"auto, (max-width: 700px) 100vw, 700px\" \/><figcaption id=\"caption-attachment-16711\" class=\"wp-caption-text\">Tragam o extrato anal\u00edtico do FGTS no Sindicato at\u00e9 dia 15\/8\/2023<\/figcaption><\/figure>\n<p><span style=\"font-size: 14pt;\">Recebemos den\u00fancias que essas duas empresas n\u00e3o v\u00eam fazendo os dep\u00f3sitos do FGTS nas contas individuais de seus empregados em dia e de forma correta, conforme determina a legisla\u00e7\u00e3o vigente. Para averiguar a veracidade das den\u00fancias \u00e9 imprescind\u00edvel que os vigilantes, empregados das empresas Ipanema e Aval Seguran\u00e7a, tragam seus extratos anal\u00edticos do FGTS at\u00e9 o dia 15 de agosto de 2023.<\/span><\/p>\n<p><span style=\"font-size: 14pt;\">Lembrem-se de que o SINDESV-DF \u00e9 o guardi\u00e3o dos seus direitos e conquistas, sendo assim, faz-se necess\u00e1rio que analisemos esses extratos e solicitar a corre\u00e7\u00e3o dos dep\u00f3sitos via negocia\u00e7\u00e3o e, caso n\u00e3o resolva, vamos denunciar as empresas e os tomadores de servi\u00e7o ao Minist\u00e9rio P\u00fablico do Trabalho.<\/span><\/p>\n<p><span style=\"font-size: 14pt;\"><strong>Favor entregar os extratos no atendimento do Sindicato dos Vigilantes do DF \u2013 SDS \u2013 Conic \u2013 Edif\u00edcio Ven\u00e2ncio IV, t\u00e9rreo \u2013 loja 74.<\/strong><\/span><\/p>\n<p class=\"wpf_wrapper\"><a class=\"print_link\" href=\"\" target=\"_blank\">Preparar para impress\u00e3o<\/a><\/p><!-- .wpf_wrapper -->","protected":false},"excerpt":{"rendered":"<p>Recebemos den\u00fancias que essas duas empresas n\u00e3o v\u00eam fazendo os dep\u00f3sitos do FGTS nas contas individuais de seus empregados em&hellip; <\/p>\n","protected":false},"author":4,"featured_media":16711,"comment_status":"closed","ping_status":"closed","sticky":false,"template":"","format":"standard","meta":{"footnotes":""},"categories":[115],"tags":[],"class_list":["post-16710","post","type-post","status-publish","format-standard","has-post-thumbnail","hentry","category-plantao-olho-vivo"],"jetpack_featured_media_url":"https:\/\/sindesvdf.com.br\/news\/wp-content\/uploads\/2023\/07\/FGTSS.jpg","_links":{"self":[{"href":"https:\/\/sindesvdf.com.br\/news\/wp-json\/wp\/v2\/posts\/16710","targetHints":{"allow":["GET"]}}],"collection":[{"href":"https:\/\/sindesvdf.com.br\/news\/wp-json\/wp\/v2\/posts"}],"about":[{"href":"https:\/\/sindesvdf.com.br\/news\/wp-json\/wp\/v2\/types\/post"}],"author":[{"embeddable":true,"href":"https:\/\/sindesvdf.com.br\/news\/wp-json\/wp\/v2\/users\/4"}],"replies":[{"embeddable":true,"href":"https:\/\/sindesvdf.com.br\/news\/wp-json\/wp\/v2\/comments?post=16710"}],"version-history":[{"count":4,"href":"https:\/\/sindesvdf.com.br\/news\/wp-json\/wp\/v2\/posts\/16710\/revisions"}],"predecessor-version":[{"id":16715,"href":"https:\/\/sindesvdf.com.br\/news\/wp-json\/wp\/v2\/posts\/16710\/revisions\/16715"}],"wp:featuredmedia":[{"embeddable":true,"href":"https:\/\/sindesvdf.com.br\/news\/wp-json\/wp\/v2\/media\/16711"}],"wp:attachment":[{"href":"https:\/\/sindesvdf.com.br\/news\/wp-json\/wp\/v2\/media?parent=16710"}],"wp:term":[{"taxonomy":"category","embeddable":true,"href":"https:\/\/sindesvdf.com.br\/news\/wp-json\/wp\/v2\/categories?post=16710"},{"taxonomy":"post_tag","embeddable":true,"href":"https:\/\/sindesvdf.com.br\/news\/wp-json\/wp\/v2\/tags?post=16710"}],"curies":[{"name":"wp","href":"https:\/\/api.w.org\/{rel}","templated":true}]}}