{"id":16727,"date":"2023-07-06T08:23:12","date_gmt":"2023-07-06T11:23:12","guid":{"rendered":"https:\/\/sindesvdf.com.br\/news\/?p=16727"},"modified":"2023-08-04T08:27:06","modified_gmt":"2023-08-04T11:27:06","slug":"superintendencia-regional-do-trabalho-volta-a-atuar-em-defesa-das-categorias","status":"publish","type":"post","link":"https:\/\/sindesvdf.com.br\/news\/superintendencia-regional-do-trabalho-volta-a-atuar-em-defesa-das-categorias\/","title":{"rendered":"Superintend\u00eancia Regional do Trabalho volta a atuar em defesa das categorias"},"content":{"rendered":"<p><img loading=\"lazy\" decoding=\"async\" class=\"aligncenter size-full wp-image-16728\" src=\"https:\/\/sindesvdf.com.br\/news\/wp-content\/uploads\/2023\/08\/srt.jpg\" alt=\"\" width=\"700\" height=\"400\" srcset=\"https:\/\/sindesvdf.com.br\/news\/wp-content\/uploads\/2023\/08\/srt.jpg 700w, https:\/\/sindesvdf.com.br\/news\/wp-content\/uploads\/2023\/08\/srt-300x171.jpg 300w\" sizes=\"auto, (max-width: 700px) 100vw, 700px\" \/><\/p>\n<p><span style=\"font-size: 14pt;\">No dia 05\/07\/2023, diretores do SINDESV-DF participaram de uma reuni\u00e3o com o Superintendente Regional do Trabalho, Jackson \u00c1zara, para apresentar algumas demandas necess\u00e1rias para melhorar as condi\u00e7\u00f5es de trabalho dos vigilantes, inclusive de cumprimento da legisla\u00e7\u00e3o vigente e da Conven\u00e7\u00e3o Coletiva de Trabalho.<\/span><\/p>\n<p><span style=\"font-size: 14pt;\">A Superintend\u00eancia Regional do Trabalho, antiga DRT, \u00e9 respons\u00e1vel pela fiscaliza\u00e7\u00e3o e media\u00e7\u00e3o nas negocia\u00e7\u00f5es coletivas e tem como principal objetivo fiscalizar o cumprimento da legisla\u00e7\u00e3o trabalhista.<\/span><\/p>\n<p><span style=\"font-size: 14pt;\">Desde que tomou posse, o superintendente Jackson \u00c1zara, que j\u00e1 atuava no movimento sindical a mais de vinte anos como diretor jur\u00eddico do Sindicato dos Comerci\u00e1rios do DF e da FETRACOM. Desde que assumiu o cargo, j\u00e1 realizou mais de 70 media\u00e7\u00f5es, o que resultou em revers\u00e3o de demiss\u00e3o, diferen\u00e7a salarial, entre outras resolu\u00e7\u00f5es de conflito com a volta da mesa redonda.<\/span><\/p>\n<p><span style=\"font-size: 14pt;\">Na reuni\u00e3o, o SINDESV-DF apresentou algumas quest\u00f5es de conflitos trabalhistas, como o contrato de trabalho na CAIXA ECON\u00d4MICA FEDERAL, que permite o trabalho intermitente, o que rejeitamos veemente, e por isso, recha\u00e7amos essa modalidade de contrato em nossa CCT\/2023. Tamb\u00e9m apresentamos den\u00fancias em postos de servi\u00e7o como o Banco do Brasil entre outros.<\/span><\/p>\n<p><span style=\"font-size: 14pt;\">Jackson \u00c1zara garantiu que as empresas de vigil\u00e2ncia quando denunciadas na Superintend\u00eancia Regional do Trabalho ser\u00e3o chamadas uma a uma e caso n\u00e3o compare\u00e7am, ser\u00e3o surpreendidas com a fiscaliza\u00e7\u00e3o no local.<\/span><\/p>\n<p><span style=\"font-size: 14pt;\">Depois de anos de neglig\u00eancia nas fiscaliza\u00e7\u00f5es da SRT, a dire\u00e7\u00e3o do SINDESV-DF sentiu que o \u00f3rg\u00e3o finalmente voltou \u00e0s suas origens e deveres. O presidente do Sindicato, Paulo Quadros e os diretores Melque, Mois\u00e9s Alves, Alza\u00edna, Florismar e o assessor jur\u00eddico, Dr. Alan, agradeceram a boa acolhida que receberam do superintendente Jackson \u00c1zara e a garantia da prote\u00e7\u00e3o dos direitos dos trabalhadores.<\/span><\/p>\n<p class=\"wpf_wrapper\"><a class=\"print_link\" href=\"\" target=\"_blank\">Preparar para impress\u00e3o<\/a><\/p><!-- .wpf_wrapper -->","protected":false},"excerpt":{"rendered":"<p>No dia 05\/07\/2023, diretores do SINDESV-DF participaram de uma reuni\u00e3o com o Superintendente Regional do Trabalho, Jackson \u00c1zara, para apresentar&hellip; <\/p>\n","protected":false},"author":4,"featured_media":16728,"comment_status":"closed","ping_status":"closed","sticky":false,"template":"","format":"standard","meta":{"footnotes":""},"categories":[101],"tags":[],"class_list":["post-16727","post","type-post","status-publish","format-standard","has-post-thumbnail","hentry","category-olho-vivo"],"jetpack_featured_media_url":"https:\/\/sindesvdf.com.br\/news\/wp-content\/uploads\/2023\/08\/srt.jpg","_links":{"self":[{"href":"https:\/\/sindesvdf.com.br\/news\/wp-json\/wp\/v2\/posts\/16727","targetHints":{"allow":["GET"]}}],"collection":[{"href":"https:\/\/sindesvdf.com.br\/news\/wp-json\/wp\/v2\/posts"}],"about":[{"href":"https:\/\/sindesvdf.com.br\/news\/wp-json\/wp\/v2\/types\/post"}],"author":[{"embeddable":true,"href":"https:\/\/sindesvdf.com.br\/news\/wp-json\/wp\/v2\/users\/4"}],"replies":[{"embeddable":true,"href":"https:\/\/sindesvdf.com.br\/news\/wp-json\/wp\/v2\/comments?post=16727"}],"version-history":[{"count":2,"href":"https:\/\/sindesvdf.com.br\/news\/wp-json\/wp\/v2\/posts\/16727\/revisions"}],"predecessor-version":[{"id":16730,"href":"https:\/\/sindesvdf.com.br\/news\/wp-json\/wp\/v2\/posts\/16727\/revisions\/16730"}],"wp:featuredmedia":[{"embeddable":true,"href":"https:\/\/sindesvdf.com.br\/news\/wp-json\/wp\/v2\/media\/16728"}],"wp:attachment":[{"href":"https:\/\/sindesvdf.com.br\/news\/wp-json\/wp\/v2\/media?parent=16727"}],"wp:term":[{"taxonomy":"category","embeddable":true,"href":"https:\/\/sindesvdf.com.br\/news\/wp-json\/wp\/v2\/categories?post=16727"},{"taxonomy":"post_tag","embeddable":true,"href":"https:\/\/sindesvdf.com.br\/news\/wp-json\/wp\/v2\/tags?post=16727"}],"curies":[{"name":"wp","href":"https:\/\/api.w.org\/{rel}","templated":true}]}}