{"id":16732,"date":"2023-08-08T13:34:53","date_gmt":"2023-08-08T16:34:53","guid":{"rendered":"https:\/\/sindesvdf.com.br\/news\/?p=16732"},"modified":"2023-08-08T13:34:53","modified_gmt":"2023-08-08T16:34:53","slug":"vigilantes-da-ipanema-que-prestam-servico-na-secretaria-de-saude-do-df","status":"publish","type":"post","link":"https:\/\/sindesvdf.com.br\/news\/vigilantes-da-ipanema-que-prestam-servico-na-secretaria-de-saude-do-df\/","title":{"rendered":"Vigilantes da Ipanema que prestam servi\u00e7o na Secretaria de Sa\u00fade do DF"},"content":{"rendered":"<p><span style=\"font-size: 14pt;\"><strong>SE O PAGAMENTO E O RETROATIVO DO REAJUSTE E DO T\u00cdQUETE N\u00c3O SA\u00cdREM HOJE, 08\/08\/2023, TEM PARALISA\u00c7\u00c3O NESTA QUARTA, 09\/08\/2023, \u00c0S 07 HORAS DA MANH\u00c3<\/strong><\/span><\/p>\n<figure id=\"attachment_16733\" aria-describedby=\"caption-attachment-16733\" style=\"width: 700px\" class=\"wp-caption aligncenter\"><img loading=\"lazy\" decoding=\"async\" class=\"wp-image-16733 size-full\" src=\"https:\/\/sindesvdf.com.br\/news\/wp-content\/uploads\/2023\/08\/ipanema-agosto.jpg\" alt=\"\" width=\"700\" height=\"400\" srcset=\"https:\/\/sindesvdf.com.br\/news\/wp-content\/uploads\/2023\/08\/ipanema-agosto.jpg 700w, https:\/\/sindesvdf.com.br\/news\/wp-content\/uploads\/2023\/08\/ipanema-agosto-300x171.jpg 300w\" sizes=\"auto, (max-width: 700px) 100vw, 700px\" \/><figcaption id=\"caption-attachment-16733\" class=\"wp-caption-text\">Vigilantes dos hospitais, Upas, UBS, Centros de Sa\u00fade e IGES.<\/figcaption><\/figure>\n<p><span style=\"font-size: 14pt;\">Na desesperada tentativa de desmobilizar a paralisa\u00e7\u00e3o dos vigilantes que seria feita, a Empresa Ipanema pagou o sal\u00e1rio, sem o t\u00edquete e o retroativo do reajuste de alguns poucos vigilantes, deixando os demais de fora.<\/span><\/p>\n<p><span style=\"font-size: 14pt;\">Diante de mais essa tentativa de tentar desmobilizar a luta pelo direito ao pagamento em dia, al\u00e9m do que a empresa deve aos vigilantes, n\u00e3o aceitaremos mais esse desrespeito. \u00c9 paralisa\u00e7\u00e3o total de todos os postos de servi\u00e7o da Ipanema na Secretaria de Sa\u00fade\/IGES.<\/span><\/p>\n<p><strong><span style=\"font-size: 14pt;\">Paralisa\u00e7\u00e3o de todos os vigilantes da Ipanema\/Secretaria de Sa\u00fade\/IGES \u2013 inclusive os vigilantes que receberam apenas o sal\u00e1rio.<\/span><\/strong><\/p>\n<p><span style=\"font-size: 14pt;\"><strong>Dia: 09 de agosto de 2023 \u2013 quarta-feira \u2013 a partir das 7h da manh\u00e3.<\/strong><\/span><\/p>\n<p><span style=\"font-size: 14pt;\">Concentra\u00e7\u00e3o em frente aos hospitais na cidade que o vigilante presta servi\u00e7o.\u00a0<\/span><span style=\"font-size: 14pt;\">Haver\u00e1 apoio log\u00edstico da dire\u00e7\u00e3o do Sindicato dos Vigilantes do DF durante toda a paralisa\u00e7\u00e3o.\u00a0<\/span><span style=\"font-size: 14pt;\">S\u00f3 retornaremos ao trabalho com o pagamento do sal\u00e1rio, do t\u00edquete e do retroativo do reajuste.<\/span><\/p>\n<p class=\"wpf_wrapper\"><a class=\"print_link\" href=\"\" target=\"_blank\">Preparar para impress\u00e3o<\/a><\/p><!-- .wpf_wrapper -->","protected":false},"excerpt":{"rendered":"<p>SE O PAGAMENTO E O RETROATIVO DO REAJUSTE E DO T\u00cdQUETE N\u00c3O SA\u00cdREM HOJE, 08\/08\/2023, TEM PARALISA\u00c7\u00c3O NESTA QUARTA, 09\/08\/2023,&hellip; <\/p>\n","protected":false},"author":4,"featured_media":16733,"comment_status":"closed","ping_status":"closed","sticky":false,"template":"","format":"standard","meta":{"footnotes":""},"categories":[101],"tags":[],"class_list":["post-16732","post","type-post","status-publish","format-standard","has-post-thumbnail","hentry","category-olho-vivo"],"jetpack_featured_media_url":"https:\/\/sindesvdf.com.br\/news\/wp-content\/uploads\/2023\/08\/ipanema-agosto.jpg","_links":{"self":[{"href":"https:\/\/sindesvdf.com.br\/news\/wp-json\/wp\/v2\/posts\/16732","targetHints":{"allow":["GET"]}}],"collection":[{"href":"https:\/\/sindesvdf.com.br\/news\/wp-json\/wp\/v2\/posts"}],"about":[{"href":"https:\/\/sindesvdf.com.br\/news\/wp-json\/wp\/v2\/types\/post"}],"author":[{"embeddable":true,"href":"https:\/\/sindesvdf.com.br\/news\/wp-json\/wp\/v2\/users\/4"}],"replies":[{"embeddable":true,"href":"https:\/\/sindesvdf.com.br\/news\/wp-json\/wp\/v2\/comments?post=16732"}],"version-history":[{"count":2,"href":"https:\/\/sindesvdf.com.br\/news\/wp-json\/wp\/v2\/posts\/16732\/revisions"}],"predecessor-version":[{"id":16735,"href":"https:\/\/sindesvdf.com.br\/news\/wp-json\/wp\/v2\/posts\/16732\/revisions\/16735"}],"wp:featuredmedia":[{"embeddable":true,"href":"https:\/\/sindesvdf.com.br\/news\/wp-json\/wp\/v2\/media\/16733"}],"wp:attachment":[{"href":"https:\/\/sindesvdf.com.br\/news\/wp-json\/wp\/v2\/media?parent=16732"}],"wp:term":[{"taxonomy":"category","embeddable":true,"href":"https:\/\/sindesvdf.com.br\/news\/wp-json\/wp\/v2\/categories?post=16732"},{"taxonomy":"post_tag","embeddable":true,"href":"https:\/\/sindesvdf.com.br\/news\/wp-json\/wp\/v2\/tags?post=16732"}],"curies":[{"name":"wp","href":"https:\/\/api.w.org\/{rel}","templated":true}]}}