{"id":16744,"date":"2023-08-16T14:53:11","date_gmt":"2023-08-16T17:53:11","guid":{"rendered":"https:\/\/sindesvdf.com.br\/news\/?p=16744"},"modified":"2023-08-16T15:54:35","modified_gmt":"2023-08-16T18:54:35","slug":"agente-de-portaria-e-esfaqueado-na-creche-107-do-recanto-das-emas","status":"publish","type":"post","link":"https:\/\/sindesvdf.com.br\/news\/agente-de-portaria-e-esfaqueado-na-creche-107-do-recanto-das-emas\/","title":{"rendered":"Agente patrimonial \u00e9 esfaqueado na Creche 107 do Recanto das Emas"},"content":{"rendered":"<p><img loading=\"lazy\" decoding=\"async\" class=\"aligncenter size-full wp-image-16745\" src=\"https:\/\/sindesvdf.com.br\/news\/wp-content\/uploads\/2023\/08\/CRECHE.jpg\" alt=\"\" width=\"700\" height=\"400\" srcset=\"https:\/\/sindesvdf.com.br\/news\/wp-content\/uploads\/2023\/08\/CRECHE.jpg 700w, https:\/\/sindesvdf.com.br\/news\/wp-content\/uploads\/2023\/08\/CRECHE-300x171.jpg 300w\" sizes=\"auto, (max-width: 700px) 100vw, 700px\" \/><\/p>\n<p><span style=\"font-size: 14pt;\">Na madrugada do dia 15 de agosto, ladr\u00f5es invadiram a creche p\u00fablica, administrada por entidade filantr\u00f3pica, da quadra 107 do Recanto das Emas.<\/span><\/p>\n<p><span style=\"font-size: 14pt;\">A seguran\u00e7a da creche \u00e9 feita por agentes patrimoniais, e, por mais boa vontade que tenham, n\u00e3o s\u00e3o vigilantes e n\u00e3o est\u00e3o preparados para exercerem a atividade de seguran\u00e7a privada, inclusive, n\u00e3o usam armas.<\/span><\/p>\n<p><span style=\"font-size: 14pt;\">Ao entrar em luta corporal com o ladr\u00e3o, o agente patrimonial sofreu golpes de faca no bra\u00e7o e na cabe\u00e7a.\u00a0 A 27 DP atendeu a ocorr\u00eancia e o Sindesv-DF mais uma vez cobra responsabilidade do GDF de oferecer seguran\u00e7a privada legalizada para esses locais.<\/span><\/p>\n<p><span style=\"font-size: 14pt;\">Diretores do Sindicato dos vigilantes do DF j\u00e1 deram entrevistas e denunciaram a gravidade da situa\u00e7\u00e3o, al\u00e9m de alertar os pais sobre os riscos que as crian\u00e7as correm nessas creches sem a seguran\u00e7a preventiva, armada e profissional.\u00a0 Vigilantes nas creches do GDF j\u00e1!<\/span><\/p>\n<p>&nbsp;<\/p>\n<div style=\"width: 1110px;\" class=\"wp-video\"><video class=\"wp-video-shortcode\" id=\"video-16744-1\" width=\"1110\" height=\"624\" preload=\"metadata\" controls=\"controls\"><source type=\"video\/mp4\" src=\"https:\/\/sindesvdf.com.br\/news\/wp-content\/uploads\/2023\/08\/creche.mp4?_=1\" \/><a href=\"https:\/\/sindesvdf.com.br\/news\/wp-content\/uploads\/2023\/08\/creche.mp4\">https:\/\/sindesvdf.com.br\/news\/wp-content\/uploads\/2023\/08\/creche.mp4<\/a><\/video><\/div>\n<p class=\"wpf_wrapper\"><a class=\"print_link\" href=\"\" target=\"_blank\">Preparar para impress\u00e3o<\/a><\/p><!-- .wpf_wrapper -->","protected":false},"excerpt":{"rendered":"<p>Na madrugada do dia 15 de agosto, ladr\u00f5es invadiram a creche p\u00fablica, administrada por entidade filantr\u00f3pica, da quadra 107 do&hellip; <\/p>\n","protected":false},"author":4,"featured_media":16745,"comment_status":"closed","ping_status":"closed","sticky":false,"template":"","format":"standard","meta":{"footnotes":""},"categories":[101],"tags":[],"class_list":["post-16744","post","type-post","status-publish","format-standard","has-post-thumbnail","hentry","category-olho-vivo"],"jetpack_featured_media_url":"https:\/\/sindesvdf.com.br\/news\/wp-content\/uploads\/2023\/08\/CRECHE.jpg","_links":{"self":[{"href":"https:\/\/sindesvdf.com.br\/news\/wp-json\/wp\/v2\/posts\/16744","targetHints":{"allow":["GET"]}}],"collection":[{"href":"https:\/\/sindesvdf.com.br\/news\/wp-json\/wp\/v2\/posts"}],"about":[{"href":"https:\/\/sindesvdf.com.br\/news\/wp-json\/wp\/v2\/types\/post"}],"author":[{"embeddable":true,"href":"https:\/\/sindesvdf.com.br\/news\/wp-json\/wp\/v2\/users\/4"}],"replies":[{"embeddable":true,"href":"https:\/\/sindesvdf.com.br\/news\/wp-json\/wp\/v2\/comments?post=16744"}],"version-history":[{"count":3,"href":"https:\/\/sindesvdf.com.br\/news\/wp-json\/wp\/v2\/posts\/16744\/revisions"}],"predecessor-version":[{"id":16753,"href":"https:\/\/sindesvdf.com.br\/news\/wp-json\/wp\/v2\/posts\/16744\/revisions\/16753"}],"wp:featuredmedia":[{"embeddable":true,"href":"https:\/\/sindesvdf.com.br\/news\/wp-json\/wp\/v2\/media\/16745"}],"wp:attachment":[{"href":"https:\/\/sindesvdf.com.br\/news\/wp-json\/wp\/v2\/media?parent=16744"}],"wp:term":[{"taxonomy":"category","embeddable":true,"href":"https:\/\/sindesvdf.com.br\/news\/wp-json\/wp\/v2\/categories?post=16744"},{"taxonomy":"post_tag","embeddable":true,"href":"https:\/\/sindesvdf.com.br\/news\/wp-json\/wp\/v2\/tags?post=16744"}],"curies":[{"name":"wp","href":"https:\/\/api.w.org\/{rel}","templated":true}]}}