{"id":16750,"date":"2023-08-16T15:12:38","date_gmt":"2023-08-16T18:12:38","guid":{"rendered":"https:\/\/sindesvdf.com.br\/news\/?p=16750"},"modified":"2023-08-16T15:12:38","modified_gmt":"2023-08-16T18:12:38","slug":"marcha-das-margaridas-em-brasilia-reforca-luta-pela-vida-e-pelo-futuro","status":"publish","type":"post","link":"https:\/\/sindesvdf.com.br\/news\/marcha-das-margaridas-em-brasilia-reforca-luta-pela-vida-e-pelo-futuro\/","title":{"rendered":"Marcha das Margaridas em Bras\u00edlia refor\u00e7a luta pela vida e pelo futuro."},"content":{"rendered":"<p><img loading=\"lazy\" decoding=\"async\" class=\"aligncenter size-full wp-image-16751\" src=\"https:\/\/sindesvdf.com.br\/news\/wp-content\/uploads\/2023\/08\/marcha.jpg\" alt=\"\" width=\"700\" height=\"400\" srcset=\"https:\/\/sindesvdf.com.br\/news\/wp-content\/uploads\/2023\/08\/marcha.jpg 700w, https:\/\/sindesvdf.com.br\/news\/wp-content\/uploads\/2023\/08\/marcha-300x171.jpg 300w\" sizes=\"auto, (max-width: 700px) 100vw, 700px\" \/><\/p>\n<p><span style=\"font-size: 14pt;\">Nos dias 15 e 16 de agosto de 2023, Bras\u00edlia recebeu milhares de mulheres do campo, da floresta, das \u00e1guas e da cidade para refor\u00e7ar a luta por terra, trabalho, seguran\u00e7a, fim do feminic\u00eddio, entre outras pautas igualmente importantes para o futuro dos nossos filhos.<\/span><\/p>\n<p><span style=\"font-size: 14pt;\">As Margaridas foram recebidas com entusiasmo, respeito e carinho pela popula\u00e7\u00e3o e os movimentos sociais, como sindicatos e demais entidades de classe, al\u00e9m de lideran\u00e7as locais e nacionais.<\/span><\/p>\n<p><span style=\"font-size: 14pt;\">Viva as Margaridas que escrevem no campo uma hist\u00f3ria de amor \u00e0 terra, por comida na mesa, org\u00e2nica e que chegue em todas as mesas do povo brasileiro.<\/span><\/p>\n<p class=\"wpf_wrapper\"><a class=\"print_link\" href=\"\" target=\"_blank\">Preparar para impress\u00e3o<\/a><\/p><!-- .wpf_wrapper -->","protected":false},"excerpt":{"rendered":"<p>Nos dias 15 e 16 de agosto de 2023, Bras\u00edlia recebeu milhares de mulheres do campo, da floresta, das \u00e1guas&hellip; <\/p>\n","protected":false},"author":4,"featured_media":16751,"comment_status":"closed","ping_status":"closed","sticky":false,"template":"","format":"standard","meta":{"footnotes":""},"categories":[101],"tags":[],"class_list":["post-16750","post","type-post","status-publish","format-standard","has-post-thumbnail","hentry","category-olho-vivo"],"jetpack_featured_media_url":"https:\/\/sindesvdf.com.br\/news\/wp-content\/uploads\/2023\/08\/marcha.jpg","_links":{"self":[{"href":"https:\/\/sindesvdf.com.br\/news\/wp-json\/wp\/v2\/posts\/16750","targetHints":{"allow":["GET"]}}],"collection":[{"href":"https:\/\/sindesvdf.com.br\/news\/wp-json\/wp\/v2\/posts"}],"about":[{"href":"https:\/\/sindesvdf.com.br\/news\/wp-json\/wp\/v2\/types\/post"}],"author":[{"embeddable":true,"href":"https:\/\/sindesvdf.com.br\/news\/wp-json\/wp\/v2\/users\/4"}],"replies":[{"embeddable":true,"href":"https:\/\/sindesvdf.com.br\/news\/wp-json\/wp\/v2\/comments?post=16750"}],"version-history":[{"count":1,"href":"https:\/\/sindesvdf.com.br\/news\/wp-json\/wp\/v2\/posts\/16750\/revisions"}],"predecessor-version":[{"id":16752,"href":"https:\/\/sindesvdf.com.br\/news\/wp-json\/wp\/v2\/posts\/16750\/revisions\/16752"}],"wp:featuredmedia":[{"embeddable":true,"href":"https:\/\/sindesvdf.com.br\/news\/wp-json\/wp\/v2\/media\/16751"}],"wp:attachment":[{"href":"https:\/\/sindesvdf.com.br\/news\/wp-json\/wp\/v2\/media?parent=16750"}],"wp:term":[{"taxonomy":"category","embeddable":true,"href":"https:\/\/sindesvdf.com.br\/news\/wp-json\/wp\/v2\/categories?post=16750"},{"taxonomy":"post_tag","embeddable":true,"href":"https:\/\/sindesvdf.com.br\/news\/wp-json\/wp\/v2\/tags?post=16750"}],"curies":[{"name":"wp","href":"https:\/\/api.w.org\/{rel}","templated":true}]}}