{"id":16754,"date":"2023-08-19T08:06:20","date_gmt":"2023-08-19T11:06:20","guid":{"rendered":"https:\/\/sindesvdf.com.br\/news\/?p=16754"},"modified":"2023-08-21T08:12:18","modified_gmt":"2023-08-21T11:12:18","slug":"vem-ai-o-pagamento-do-retroativo-da-campanha-salarial-2023-para-os-vigilantes-da-ipanema","status":"publish","type":"post","link":"https:\/\/sindesvdf.com.br\/news\/vem-ai-o-pagamento-do-retroativo-da-campanha-salarial-2023-para-os-vigilantes-da-ipanema\/","title":{"rendered":"Vem a\u00ed o pagamento do retroativo da Campanha Salarial 2023 para os vigilantes da Ipanema"},"content":{"rendered":"<figure id=\"attachment_16755\" aria-describedby=\"caption-attachment-16755\" style=\"width: 700px\" class=\"wp-caption aligncenter\"><img loading=\"lazy\" decoding=\"async\" class=\"size-full wp-image-16755\" src=\"https:\/\/sindesvdf.com.br\/news\/wp-content\/uploads\/2023\/08\/retroativo.jpg\" alt=\"\" width=\"700\" height=\"400\" srcset=\"https:\/\/sindesvdf.com.br\/news\/wp-content\/uploads\/2023\/08\/retroativo.jpg 700w, https:\/\/sindesvdf.com.br\/news\/wp-content\/uploads\/2023\/08\/retroativo-300x171.jpg 300w\" sizes=\"auto, (max-width: 700px) 100vw, 700px\" \/><figcaption id=\"caption-attachment-16755\" class=\"wp-caption-text\">Com a nossa luta, vem a\u00ed o pagamento do retroativo<\/figcaption><\/figure>\n<p><span style=\"font-size: 14pt;\">A dire\u00e7\u00e3o do Sindicato dos Vigilantes do DF se reuniu no dia 18\/08\/2023 com a dire\u00e7\u00e3o da empresa Ipanema, nas pessoas de Alexandre e Bruno, representando a Empresa e enfim, negociamos o pagamento do retroativo do t\u00edquete refei\u00e7\u00e3o e o retroativo do reajuste, que corresponde a tr\u00eas parcelas dos meses de janeiro, fevereiro e mar\u00e7o.<\/span><\/p>\n<p><strong><span style=\"font-size: 14pt;\">Ficou acertado o seguinte:<\/span><\/strong><\/p>\n<p><span style=\"font-size: 14pt;\"><strong>Retroativo do t\u00edquete refei\u00e7\u00e3o<\/strong> ser\u00e1 pago at\u00e9 o quinto dia \u00fatil de setembro, junto com o t\u00edquete de setembro.<\/span><\/p>\n<p><span style=\"font-size: 14pt;\"><strong>Retroativo do reajuste da Campanha Salarial 2023<\/strong>, das tr\u00eas parcelas dos meses de janeiro, fevereiro e mar\u00e7o, ser\u00e1 pago at\u00e9 o dia 15 de setembro.<\/span><\/p>\n<p><span style=\"font-size: 14pt;\">Lembramos que o retroativo do reajuste do sal\u00e1rio ser\u00e1 pago como verba indenizat\u00f3ria, n\u00e3o incidindo sobre o mesmo INSS e nem Imposto de Renda.<\/span><\/p>\n<p class=\"wpf_wrapper\"><a class=\"print_link\" href=\"\" target=\"_blank\">Preparar para impress\u00e3o<\/a><\/p><!-- .wpf_wrapper -->","protected":false},"excerpt":{"rendered":"<p>A dire\u00e7\u00e3o do Sindicato dos Vigilantes do DF se reuniu no dia 18\/08\/2023 com a dire\u00e7\u00e3o da empresa Ipanema, nas&hellip; <\/p>\n","protected":false},"author":4,"featured_media":16755,"comment_status":"closed","ping_status":"closed","sticky":false,"template":"","format":"standard","meta":{"footnotes":""},"categories":[101],"tags":[],"class_list":["post-16754","post","type-post","status-publish","format-standard","has-post-thumbnail","hentry","category-olho-vivo"],"jetpack_featured_media_url":"https:\/\/sindesvdf.com.br\/news\/wp-content\/uploads\/2023\/08\/retroativo.jpg","_links":{"self":[{"href":"https:\/\/sindesvdf.com.br\/news\/wp-json\/wp\/v2\/posts\/16754","targetHints":{"allow":["GET"]}}],"collection":[{"href":"https:\/\/sindesvdf.com.br\/news\/wp-json\/wp\/v2\/posts"}],"about":[{"href":"https:\/\/sindesvdf.com.br\/news\/wp-json\/wp\/v2\/types\/post"}],"author":[{"embeddable":true,"href":"https:\/\/sindesvdf.com.br\/news\/wp-json\/wp\/v2\/users\/4"}],"replies":[{"embeddable":true,"href":"https:\/\/sindesvdf.com.br\/news\/wp-json\/wp\/v2\/comments?post=16754"}],"version-history":[{"count":2,"href":"https:\/\/sindesvdf.com.br\/news\/wp-json\/wp\/v2\/posts\/16754\/revisions"}],"predecessor-version":[{"id":16757,"href":"https:\/\/sindesvdf.com.br\/news\/wp-json\/wp\/v2\/posts\/16754\/revisions\/16757"}],"wp:featuredmedia":[{"embeddable":true,"href":"https:\/\/sindesvdf.com.br\/news\/wp-json\/wp\/v2\/media\/16755"}],"wp:attachment":[{"href":"https:\/\/sindesvdf.com.br\/news\/wp-json\/wp\/v2\/media?parent=16754"}],"wp:term":[{"taxonomy":"category","embeddable":true,"href":"https:\/\/sindesvdf.com.br\/news\/wp-json\/wp\/v2\/categories?post=16754"},{"taxonomy":"post_tag","embeddable":true,"href":"https:\/\/sindesvdf.com.br\/news\/wp-json\/wp\/v2\/tags?post=16754"}],"curies":[{"name":"wp","href":"https:\/\/api.w.org\/{rel}","templated":true}]}}