{"id":16759,"date":"2023-09-06T10:05:40","date_gmt":"2023-09-06T13:05:40","guid":{"rendered":"https:\/\/sindesvdf.com.br\/news\/?p=16759"},"modified":"2023-09-06T10:05:40","modified_gmt":"2023-09-06T13:05:40","slug":"comunicado-de-expediente-dia-da-independencia-2","status":"publish","type":"post","link":"https:\/\/sindesvdf.com.br\/news\/comunicado-de-expediente-dia-da-independencia-2\/","title":{"rendered":"Comunicado de Expediente \u2013 Dia da Independ\u00eancia"},"content":{"rendered":"<p><img loading=\"lazy\" decoding=\"async\" class=\"aligncenter size-full wp-image-16760\" src=\"https:\/\/sindesvdf.com.br\/news\/wp-content\/uploads\/2023\/09\/7-de-setembro-23.jpg\" alt=\"\" width=\"700\" height=\"400\" srcset=\"https:\/\/sindesvdf.com.br\/news\/wp-content\/uploads\/2023\/09\/7-de-setembro-23.jpg 700w, https:\/\/sindesvdf.com.br\/news\/wp-content\/uploads\/2023\/09\/7-de-setembro-23-300x171.jpg 300w\" sizes=\"auto, (max-width: 700px) 100vw, 700px\" \/><\/p>\n<p><span style=\"font-size: 14pt;\">Comunicamos que devido ao feriado\u00a0do\u00a0<strong>Dia da Independ\u00eancia do Brasil<\/strong>, n\u00e3o haver\u00e1 expediente nos dias 07 e 08 de setembro, quinta e sexta-feira.\u00a0<\/span><\/p>\n<p><span style=\"font-size: 14pt;\">Retornaremos nossas atividades na segunda-feira, 11 de setembro, a partir das 7 horas da manh\u00e3.<\/span><\/p>\n<p><span style=\"font-size: 14pt;\"><em>Bom feriado a todos!<\/em><\/span><\/p>\n<p class=\"wpf_wrapper\"><a class=\"print_link\" href=\"\" target=\"_blank\">Preparar para impress\u00e3o<\/a><\/p><!-- .wpf_wrapper -->","protected":false},"excerpt":{"rendered":"<p>Comunicamos que devido ao feriado\u00a0do\u00a0Dia da Independ\u00eancia do Brasil, n\u00e3o haver\u00e1 expediente nos dias 07 e 08 de setembro, quinta&hellip; <\/p>\n","protected":false},"author":4,"featured_media":16760,"comment_status":"closed","ping_status":"closed","sticky":false,"template":"","format":"standard","meta":{"footnotes":""},"categories":[101],"tags":[],"class_list":["post-16759","post","type-post","status-publish","format-standard","has-post-thumbnail","hentry","category-olho-vivo"],"jetpack_featured_media_url":"https:\/\/sindesvdf.com.br\/news\/wp-content\/uploads\/2023\/09\/7-de-setembro-23.jpg","_links":{"self":[{"href":"https:\/\/sindesvdf.com.br\/news\/wp-json\/wp\/v2\/posts\/16759","targetHints":{"allow":["GET"]}}],"collection":[{"href":"https:\/\/sindesvdf.com.br\/news\/wp-json\/wp\/v2\/posts"}],"about":[{"href":"https:\/\/sindesvdf.com.br\/news\/wp-json\/wp\/v2\/types\/post"}],"author":[{"embeddable":true,"href":"https:\/\/sindesvdf.com.br\/news\/wp-json\/wp\/v2\/users\/4"}],"replies":[{"embeddable":true,"href":"https:\/\/sindesvdf.com.br\/news\/wp-json\/wp\/v2\/comments?post=16759"}],"version-history":[{"count":1,"href":"https:\/\/sindesvdf.com.br\/news\/wp-json\/wp\/v2\/posts\/16759\/revisions"}],"predecessor-version":[{"id":16761,"href":"https:\/\/sindesvdf.com.br\/news\/wp-json\/wp\/v2\/posts\/16759\/revisions\/16761"}],"wp:featuredmedia":[{"embeddable":true,"href":"https:\/\/sindesvdf.com.br\/news\/wp-json\/wp\/v2\/media\/16760"}],"wp:attachment":[{"href":"https:\/\/sindesvdf.com.br\/news\/wp-json\/wp\/v2\/media?parent=16759"}],"wp:term":[{"taxonomy":"category","embeddable":true,"href":"https:\/\/sindesvdf.com.br\/news\/wp-json\/wp\/v2\/categories?post=16759"},{"taxonomy":"post_tag","embeddable":true,"href":"https:\/\/sindesvdf.com.br\/news\/wp-json\/wp\/v2\/tags?post=16759"}],"curies":[{"name":"wp","href":"https:\/\/api.w.org\/{rel}","templated":true}]}}