{"id":16772,"date":"2023-10-02T13:59:04","date_gmt":"2023-10-02T16:59:04","guid":{"rendered":"https:\/\/sindesvdf.com.br\/news\/?p=16772"},"modified":"2023-10-02T14:01:09","modified_gmt":"2023-10-02T17:01:09","slug":"16772-2","status":"publish","type":"post","link":"https:\/\/sindesvdf.com.br\/news\/16772-2\/","title":{"rendered":"Vigilantes da Ipanema e da Visan v\u00edtimas de picaretagem dessas empresas"},"content":{"rendered":"<p><img loading=\"lazy\" decoding=\"async\" class=\"aligncenter size-full wp-image-16773\" src=\"https:\/\/sindesvdf.com.br\/news\/wp-content\/uploads\/2023\/10\/no-salary.jpg\" alt=\"\" width=\"700\" height=\"400\" srcset=\"https:\/\/sindesvdf.com.br\/news\/wp-content\/uploads\/2023\/10\/no-salary.jpg 700w, https:\/\/sindesvdf.com.br\/news\/wp-content\/uploads\/2023\/10\/no-salary-300x171.jpg 300w\" sizes=\"auto, (max-width: 700px) 100vw, 700px\" \/><\/p>\n<p><span style=\"font-size: 14pt;\">O SINDESV-DF convoca os vigilantes das empresas Ipanema e Visan, que entraram de f\u00e9rias e nada receberam, para comparecerem ao Sindicato a partir desta ter\u00e7a-feira, 03\/10\/2023, de 07h \u00e0s 17h, munidos do seguinte documento:<\/span><\/p>\n<p><span style=\"font-size: 14pt;\"><strong>&#8211; C\u00f3pia do aviso de f\u00e9rias entregue pela empresa e deixar no atendimento desta entidade com um de nossos funcion\u00e1rios ou diretores.<\/strong><\/span><\/p>\n<p><span style=\"font-size: 14pt;\">Lembramos que as empresas Ipanema e Visan j\u00e1 receberam nas faturas os recursos referentes \u00e0s f\u00e9rias de seus empregados e n\u00e3o est\u00e3o pagando por desrespeito aos vigilantes. Al\u00e9m disso, a legisla\u00e7\u00e3o vigente afirma que os trabalhadores devem receber suas f\u00e9rias com 48 horas de anteced\u00eancia de usufruir o benef\u00edcio.<\/span><\/p>\n<p><span style=\"font-size: 14pt;\">O Sindicato, mediante os recibos, tomar\u00e1 todas as provid\u00eancias cab\u00edveis. Esperamos o seu comparecimento o mais r\u00e1pido poss\u00edvel.<\/span><\/p>\n<p class=\"wpf_wrapper\"><a class=\"print_link\" href=\"\" target=\"_blank\">Preparar para impress\u00e3o<\/a><\/p><!-- .wpf_wrapper -->","protected":false},"excerpt":{"rendered":"<p>O SINDESV-DF convoca os vigilantes das empresas Ipanema e Visan, que entraram de f\u00e9rias e nada receberam, para comparecerem ao&hellip; <\/p>\n","protected":false},"author":4,"featured_media":16773,"comment_status":"closed","ping_status":"closed","sticky":false,"template":"","format":"standard","meta":{"footnotes":""},"categories":[101],"tags":[],"class_list":["post-16772","post","type-post","status-publish","format-standard","has-post-thumbnail","hentry","category-olho-vivo"],"jetpack_featured_media_url":"https:\/\/sindesvdf.com.br\/news\/wp-content\/uploads\/2023\/10\/no-salary.jpg","_links":{"self":[{"href":"https:\/\/sindesvdf.com.br\/news\/wp-json\/wp\/v2\/posts\/16772","targetHints":{"allow":["GET"]}}],"collection":[{"href":"https:\/\/sindesvdf.com.br\/news\/wp-json\/wp\/v2\/posts"}],"about":[{"href":"https:\/\/sindesvdf.com.br\/news\/wp-json\/wp\/v2\/types\/post"}],"author":[{"embeddable":true,"href":"https:\/\/sindesvdf.com.br\/news\/wp-json\/wp\/v2\/users\/4"}],"replies":[{"embeddable":true,"href":"https:\/\/sindesvdf.com.br\/news\/wp-json\/wp\/v2\/comments?post=16772"}],"version-history":[{"count":5,"href":"https:\/\/sindesvdf.com.br\/news\/wp-json\/wp\/v2\/posts\/16772\/revisions"}],"predecessor-version":[{"id":16778,"href":"https:\/\/sindesvdf.com.br\/news\/wp-json\/wp\/v2\/posts\/16772\/revisions\/16778"}],"wp:featuredmedia":[{"embeddable":true,"href":"https:\/\/sindesvdf.com.br\/news\/wp-json\/wp\/v2\/media\/16773"}],"wp:attachment":[{"href":"https:\/\/sindesvdf.com.br\/news\/wp-json\/wp\/v2\/media?parent=16772"}],"wp:term":[{"taxonomy":"category","embeddable":true,"href":"https:\/\/sindesvdf.com.br\/news\/wp-json\/wp\/v2\/categories?post=16772"},{"taxonomy":"post_tag","embeddable":true,"href":"https:\/\/sindesvdf.com.br\/news\/wp-json\/wp\/v2\/tags?post=16772"}],"curies":[{"name":"wp","href":"https:\/\/api.w.org\/{rel}","templated":true}]}}