{"id":16780,"date":"2023-10-10T10:47:01","date_gmt":"2023-10-10T13:47:01","guid":{"rendered":"https:\/\/sindesvdf.com.br\/news\/?p=16780"},"modified":"2023-10-10T10:47:01","modified_gmt":"2023-10-10T13:47:01","slug":"ciclo-da-violencia-saiba-identificar-as-tres-principais-fases-do-ciclo-e-entenda-como-ele-funciona","status":"publish","type":"post","link":"https:\/\/sindesvdf.com.br\/news\/ciclo-da-violencia-saiba-identificar-as-tres-principais-fases-do-ciclo-e-entenda-como-ele-funciona\/","title":{"rendered":"CICLO DA VIOL\u00caNCIA &#8211; Saiba identificar as tr\u00eas principais fases do ciclo e entenda como ele funciona."},"content":{"rendered":"<div class=\"hero-ciclo\">\n<div class=\"container\">\n<div class=\"first-block\">\n<h1><\/h1>\n<p><img loading=\"lazy\" decoding=\"async\" class=\"aligncenter size-full wp-image-16784\" src=\"https:\/\/sindesvdf.com.br\/news\/wp-content\/uploads\/2023\/10\/violencia231.jpg\" alt=\"\" width=\"700\" height=\"400\" srcset=\"https:\/\/sindesvdf.com.br\/news\/wp-content\/uploads\/2023\/10\/violencia231.jpg 700w, https:\/\/sindesvdf.com.br\/news\/wp-content\/uploads\/2023\/10\/violencia231-300x171.jpg 300w\" sizes=\"auto, (max-width: 700px) 100vw, 700px\" \/><\/p>\n<\/div>\n<p class=\"bottom-text\"><span style=\"font-size: 14pt;\">Apesar de a viol\u00eancia dom\u00e9stica ter v\u00e1rias faces e especificidades, a psic\u00f3loga norte-americana Lenore Walker identificou que as agress\u00f5es cometidas em um contexto conjugal ocorrem dentro de um ciclo que \u00e9 constantemente repetido.<\/span><\/p>\n<\/div>\n<\/div>\n<div class=\"cicles\">\n<div class=\"container\">\n<div class=\"phases ciclo1\">\n<div class=\"text\"><span style=\"font-size: 14pt;\"><strong>FASE 1<\/strong><\/span><\/p>\n<h2><span style=\"font-size: 14pt;\">AUMENTO DA TENS\u00c3O<\/span><\/h2>\n<p><span style=\"font-size: 14pt;\">Nesse primeiro momento, o agressor mostra-se tenso e irritado por coisas insignificantes, chegando a ter acessos de raiva. Ele tamb\u00e9m humilha a v\u00edtima, faz amea\u00e7as e destr\u00f3i objetos.<\/span><\/p>\n<p><span style=\"font-size: 14pt;\">A mulher tenta acalmar o agressor, fica aflita e evita qualquer conduta que possa \u201cprovoc\u00e1-lo\u201d. As sensa\u00e7\u00f5es s\u00e3o muitas: tristeza, ang\u00fastia, ansiedade, medo e desilus\u00e3o s\u00e3o apenas algumas.<\/span><\/p>\n<p><span style=\"font-size: 14pt;\">Em geral, a v\u00edtima tende a negar que isso est\u00e1 acontecendo com ela, esconde os fatos das demais pessoas e, muitas vezes, acha que fez algo de errado para justificar o comportamento violento do agressor ou que \u201cele teve um dia ruim no trabalho\u201d, por exemplo. Essa tens\u00e3o pode durar dias ou anos, mas como ela aumenta cada vez mais, \u00e9 muito prov\u00e1vel que a situa\u00e7\u00e3o levar\u00e1 \u00e0 Fase 2.<\/span><\/p>\n<\/div>\n<\/div>\n<\/div>\n<\/div>\n<div class=\"cicles part2\">\n<div class=\"container\">\n<div class=\"phases cicle2\">\n<div class=\"background\">\n<span style=\"font-size: 14pt;\"><strong>FASE 2<\/strong><\/span><\/p>\n<\/div>\n<div class=\"text\">\n<h2><span style=\"font-size: 14pt;\">ATO DE VIOL\u00caNCIA<\/span><\/h2>\n<p><span style=\"font-size: 14pt;\">Esta fase corresponde \u00e0 explos\u00e3o do agressor, ou seja, a falta de controle chega ao limite e leva ao ato violento. Aqui, toda a tens\u00e3o acumulada na Fase 1 se materializa em viol\u00eancia verbal, f\u00edsica, psicol\u00f3gica, moral ou patrimonial.<\/span><\/p>\n<p><span style=\"font-size: 14pt;\">Mesmo tendo consci\u00eancia de que o agressor est\u00e1 fora de controle e tem um poder destrutivo grande em rela\u00e7\u00e3o \u00e0 sua vida, o sentimento da mulher \u00e9 de paralisia e impossibilidade de rea\u00e7\u00e3o. Aqui, ela sofre de uma tens\u00e3o psicol\u00f3gica severa (ins\u00f4nia, perda de peso, fadiga constante, ansiedade) e sente medo, \u00f3dio, solid\u00e3o, pena de si mesma, vergonha, confus\u00e3o e dor.<\/span><\/p>\n<p><span style=\"font-size: 14pt;\">Nesse momento, ela tamb\u00e9m pode tomar decis\u00f5es \u2212 as mais comuns s\u00e3o: buscar ajuda, denunciar, esconder-se na casa de amigos e parentes, pedir a separa\u00e7\u00e3o e at\u00e9 mesmo suicidar-se. Geralmente, h\u00e1 um distanciamento do agressor.<\/span><\/p>\n<\/div>\n<\/div>\n<\/div>\n<\/div>\n<div class=\"cicles part3\">\n<div class=\"container\">\n<div class=\"phases cicle3\">\n<div class=\"background\">\n<p>&nbsp;<\/p>\n<\/div>\n<div class=\"text\"><span style=\"font-size: 14pt;\"><strong>FASE 3<\/strong><\/span><\/p>\n<h2><span style=\"font-size: 14pt;\">ARREPENDIMENTO E COMPORTAMENTO CARINHOSO<\/span><\/h2>\n<p><span style=\"font-size: 14pt;\">Tamb\u00e9m conhecida como \u201clua de mel\u201d, esta fase se caracteriza pelo arrependimento do agressor, que se torna am\u00e1vel para conseguir a reconcilia\u00e7\u00e3o. A mulher se sente confusa e pressionada a manter o seu relacionamento diante da sociedade, sobretudo quando o casal tem filhos. Em outras palavras: ela abre m\u00e3o de seus direitos e recursos, enquanto ele diz que \u201cvai mudar\u201d.<\/span><\/p>\n<p><span style=\"font-size: 14pt;\">H\u00e1 um per\u00edodo relativamente calmo, em que a mulher se sente feliz por constatar os esfor\u00e7os e as mudan\u00e7as de atitude, lembrando tamb\u00e9m os momentos bons que tiveram juntos. Como h\u00e1 a demonstra\u00e7\u00e3o de remorso, ela se sente respons\u00e1vel por ele, o que estreita a rela\u00e7\u00e3o de depend\u00eancia entre v\u00edtima e agressor.<\/span><\/p>\n<p><span style=\"font-size: 14pt;\">Um misto de medo, confus\u00e3o, culpa e ilus\u00e3o fazem parte dos sentimentos da mulher. Por fim, a tens\u00e3o volta e, com ela, as agress\u00f5es da Fase 1.<\/span><\/p>\n<\/div>\n<\/div>\n<\/div>\n<\/div>\n<div class=\"cycle-break\">\n<div class=\"container\">\n<h3><span style=\"font-size: 14pt;\">\u00c9 PRECISO QUEBRAR ESSE CICLO. E A LEI MARIA DA PENHA EST\u00c1 AO LADO DAS MULHERES PARA ISSO.<\/span><\/h3>\n<p class=\"description\"><span style=\"font-size: 14pt;\">As mulheres que sofrem viol\u00eancia n\u00e3o falam sobre o problema por um misto de sentimentos: vergonha, medo, constrangimento. Os agressores, por sua vez, n\u00e3o raro, constroem uma autoimagem de parceiros perfeitos e bons pais, dificultando a revela\u00e7\u00e3o da viol\u00eancia pela mulher. Por isso, \u00e9 inaceit\u00e1vel a ideia de que a mulher permanece na rela\u00e7\u00e3o violenta por gostar de apanhar.<\/span><\/p>\n<div class=\"content\">\n<div>\n<h4><span style=\"font-size: 14pt;\">N\u00c3O SE CALE<\/span><\/h4>\n<p><span style=\"font-size: 14pt;\">Quando a v\u00edtima silencia diante da viol\u00eancia, o agressor n\u00e3o se sente responsabilizado pelos seus atos \u2013 isso sem contar o fato de que a sociedade, em suas diversas pr\u00e1ticas, refor\u00e7a a cultura patriarcal e machista, o que dificulta a percep\u00e7\u00e3o da mulher de que est\u00e1 vivenciando o ciclo da viol\u00eancia.<\/span><\/p>\n<\/div>\n<div>\n<h4><span style=\"font-size: 14pt;\">SAIA DO CICLO<\/span><\/h4>\n<p><span style=\"font-size: 14pt;\">Com o tempo, os intervalos entre uma fase e outra ficam menores, e as agress\u00f5es passam a acontecer sem obedecer \u00e0 ordem das fases. Em alguns casos, o ciclo da viol\u00eancia termina com o feminic\u00eddio, que \u00e9 o assassinato da v\u00edtima.<\/span><\/p>\n<\/div>\n<\/div>\n<\/div>\n<\/div>\n<div class=\"cycle-share\">\n<div class=\"container\">\n<div class=\"content\">\n<div class=\"cycle-img\">\n<p class=\"phase-three\"><span style=\"font-size: 14pt;\">Ajude outras mulheres a reconhecerem as fases do ciclo da viol\u00eancia.<\/span><\/p>\n<\/div>\n<div class=\"share-cta\" style=\"text-align: right;\">\n<p>&nbsp;<\/p>\n<p><em><strong>Fonte: Instituto Maria da Penha<\/strong><\/em><\/div>\n<\/div>\n<\/div>\n<\/div>\n<p class=\"wpf_wrapper\"><a class=\"print_link\" href=\"\" target=\"_blank\">Preparar para impress\u00e3o<\/a><\/p><!-- .wpf_wrapper -->","protected":false},"excerpt":{"rendered":"<p>Apesar de a viol\u00eancia dom\u00e9stica ter v\u00e1rias faces e especificidades, a psic\u00f3loga norte-americana Lenore Walker identificou que as agress\u00f5es cometidas&hellip; <\/p>\n","protected":false},"author":4,"featured_media":16784,"comment_status":"closed","ping_status":"closed","sticky":false,"template":"","format":"standard","meta":{"footnotes":""},"categories":[7],"tags":[],"class_list":["post-16780","post","type-post","status-publish","format-standard","has-post-thumbnail","hentry","category-noticias"],"jetpack_featured_media_url":"https:\/\/sindesvdf.com.br\/news\/wp-content\/uploads\/2023\/10\/violencia231.jpg","_links":{"self":[{"href":"https:\/\/sindesvdf.com.br\/news\/wp-json\/wp\/v2\/posts\/16780","targetHints":{"allow":["GET"]}}],"collection":[{"href":"https:\/\/sindesvdf.com.br\/news\/wp-json\/wp\/v2\/posts"}],"about":[{"href":"https:\/\/sindesvdf.com.br\/news\/wp-json\/wp\/v2\/types\/post"}],"author":[{"embeddable":true,"href":"https:\/\/sindesvdf.com.br\/news\/wp-json\/wp\/v2\/users\/4"}],"replies":[{"embeddable":true,"href":"https:\/\/sindesvdf.com.br\/news\/wp-json\/wp\/v2\/comments?post=16780"}],"version-history":[{"count":3,"href":"https:\/\/sindesvdf.com.br\/news\/wp-json\/wp\/v2\/posts\/16780\/revisions"}],"predecessor-version":[{"id":16785,"href":"https:\/\/sindesvdf.com.br\/news\/wp-json\/wp\/v2\/posts\/16780\/revisions\/16785"}],"wp:featuredmedia":[{"embeddable":true,"href":"https:\/\/sindesvdf.com.br\/news\/wp-json\/wp\/v2\/media\/16784"}],"wp:attachment":[{"href":"https:\/\/sindesvdf.com.br\/news\/wp-json\/wp\/v2\/media?parent=16780"}],"wp:term":[{"taxonomy":"category","embeddable":true,"href":"https:\/\/sindesvdf.com.br\/news\/wp-json\/wp\/v2\/categories?post=16780"},{"taxonomy":"post_tag","embeddable":true,"href":"https:\/\/sindesvdf.com.br\/news\/wp-json\/wp\/v2\/tags?post=16780"}],"curies":[{"name":"wp","href":"https:\/\/api.w.org\/{rel}","templated":true}]}}