{"id":16794,"date":"2023-10-11T18:00:04","date_gmt":"2023-10-11T21:00:04","guid":{"rendered":"https:\/\/sindesvdf.com.br\/news\/?p=16794"},"modified":"2023-10-16T11:03:49","modified_gmt":"2023-10-16T14:03:49","slug":"sindesv-df-e-chico-vigilante-participam-de-reuniao-na-secretaria-de-saude-do-df-para-tratar-de-atrasos-de-pagamentos","status":"publish","type":"post","link":"https:\/\/sindesvdf.com.br\/news\/sindesv-df-e-chico-vigilante-participam-de-reuniao-na-secretaria-de-saude-do-df-para-tratar-de-atrasos-de-pagamentos\/","title":{"rendered":"SINDESV-DF e Chico Vigilante participam de reuni\u00e3o na Secretaria de Sa\u00fade do DF para tratar de atrasos de pagamentos."},"content":{"rendered":"<figure id=\"attachment_16792\" aria-describedby=\"caption-attachment-16792\" style=\"width: 700px\" class=\"wp-caption aligncenter\"><img loading=\"lazy\" decoding=\"async\" class=\"wp-image-16792 size-full\" src=\"https:\/\/sindesvdf.com.br\/news\/wp-content\/uploads\/2023\/10\/sesdf23.jpg\" alt=\"\" width=\"700\" height=\"400\" srcset=\"https:\/\/sindesvdf.com.br\/news\/wp-content\/uploads\/2023\/10\/sesdf23.jpg 700w, https:\/\/sindesvdf.com.br\/news\/wp-content\/uploads\/2023\/10\/sesdf23-300x171.jpg 300w\" sizes=\"auto, (max-width: 700px) 100vw, 700px\" \/><figcaption id=\"caption-attachment-16792\" class=\"wp-caption-text\">Atrasos de pagamentos das empresas Ipanema, Visan e Aval.<\/figcaption><\/figure>\n<p><span style=\"font-size: 14pt;\">\u00c9 muito dif\u00edcil lidar com empresas caloteiras, que empurram suas d\u00edvidas com seus empregados, descumprem a palavra empenhada e s\u00f3 resolvem o problema com paralisa\u00e7\u00e3o. S\u00f3 que esta situa\u00e7\u00e3o se repete todos os meses e provid\u00eancias n\u00e3o s\u00e3o tomadas nem pelas empresas e nem pelo tomador de servi\u00e7o.<\/span><\/p>\n<p><span style=\"font-size: 14pt;\">O presidente do SINDESV-DF Paulo Quadros, juntamente com o deputado distrital, Chico Vigilante e mais os diretores Florismar Vilarindo (Jur\u00eddico) e Melque (vice-presidente) participaram de uma reuni\u00e3o na Secretaria de Sa\u00fade com a presen\u00e7a da Secret\u00e1ria, doutora Lucilene Flor\u00eancio, e outros gestores do \u00f3rg\u00e3o, participaram de uma reuni\u00e3o para tratar desses insuport\u00e1veis atrasos de pagamento de sal\u00e1rio, t\u00edquete e f\u00e9rias, dentre outros benef\u00edcios que tamb\u00e9m atrasam.<\/span><\/p>\n<p><span style=\"font-size: 14pt;\">Paulo Quadros e o deputado distrital Chico Vigilante expuseram todo o sofrimento da categoria diante dos atrasos de pagamento, que deve ser at\u00e9 o quinto dia \u00fatil do m\u00eas e da falta de provid\u00eancias definitivas para resolver a situa\u00e7\u00e3o que j\u00e1 fugiu do controle h\u00e1 muito tempo e fica cada vez mais dif\u00edcil explicar aos vigilantes os motivos desses atrasos, lembrando que sem vigilantes, m\u00e9dicos e demais profissionais de sa\u00fade, se recusam a trabalhar. Portanto \u00e9 uma atividade essencial de extrema import\u00e2ncia para garantir a abertura de hospitais, postos e centros de sa\u00fade, upas etc, al\u00e9m da integridade patrimonial desses locais e f\u00edsica dos profissionais e usu\u00e1rios.<\/span><\/p>\n<p><strong><span style=\"font-size: 14pt;\">A REUNI\u00c3O TAMB\u00c9M TRATOU DA QUEST\u00c3O DO N\u00c3O DEP\u00d3SITO DO FGTS, ATRASO DE F\u00c9RIAS, N\u00c3O DISTRIBUI\u00c7\u00c3O DO UNIFORME E FALTA DE PAGAMENTO DO T\u00cdQUETE<\/span><\/strong><\/p>\n<p><span style=\"font-size: 14pt;\">Tamb\u00e9m foi colocado na reuni\u00e3o sobre o atraso do dep\u00f3sito do FGTS nas contas dos trabalhadores, o n\u00e3o pagamento das f\u00e9rias, a n\u00e3o distribui\u00e7\u00e3o de uniforme, n\u00e3o pagamento do t\u00edquete.<\/span><\/p>\n<p><strong><span style=\"font-size: 14pt;\">COMPROMISSO DE RESOLVER<\/span><\/strong><\/p>\n<p><span style=\"font-size: 14pt;\">A Secret\u00e1ria de Sa\u00fade do DF se comprometeu em tomar todas as provid\u00eancias cab\u00edveis para que esses atrasos de pagamentos, f\u00e9rias, t\u00edquete e outros n\u00e3o continuem a atormentar a vida dos vigilantes.<\/span><\/p>\n<p><span style=\"font-size: 14pt;\">SINDESV-DF: VAI TER LUTA EM DEFESA DOS DIREITOS DOS VIGILANTES<\/span><\/p>\n<p><span style=\"font-size: 14pt;\">Deixamos claro que o SINDICATO DOS VIGILANTES DO DF passar\u00e1 a adotar outros mecanismos de press\u00e3o j\u00e1 no pr\u00f3ximo m\u00eas.<\/span><\/p>\n<p class=\"wpf_wrapper\"><a class=\"print_link\" href=\"\" target=\"_blank\">Preparar para impress\u00e3o<\/a><\/p><!-- .wpf_wrapper -->","protected":false},"excerpt":{"rendered":"<p>\u00c9 muito dif\u00edcil lidar com empresas caloteiras, que empurram suas d\u00edvidas com seus empregados, descumprem a palavra empenhada e s\u00f3&hellip; <\/p>\n","protected":false},"author":4,"featured_media":16792,"comment_status":"closed","ping_status":"closed","sticky":false,"template":"","format":"standard","meta":{"footnotes":""},"categories":[101],"tags":[],"class_list":["post-16794","post","type-post","status-publish","format-standard","has-post-thumbnail","hentry","category-olho-vivo"],"jetpack_featured_media_url":"https:\/\/sindesvdf.com.br\/news\/wp-content\/uploads\/2023\/10\/sesdf23.jpg","_links":{"self":[{"href":"https:\/\/sindesvdf.com.br\/news\/wp-json\/wp\/v2\/posts\/16794","targetHints":{"allow":["GET"]}}],"collection":[{"href":"https:\/\/sindesvdf.com.br\/news\/wp-json\/wp\/v2\/posts"}],"about":[{"href":"https:\/\/sindesvdf.com.br\/news\/wp-json\/wp\/v2\/types\/post"}],"author":[{"embeddable":true,"href":"https:\/\/sindesvdf.com.br\/news\/wp-json\/wp\/v2\/users\/4"}],"replies":[{"embeddable":true,"href":"https:\/\/sindesvdf.com.br\/news\/wp-json\/wp\/v2\/comments?post=16794"}],"version-history":[{"count":2,"href":"https:\/\/sindesvdf.com.br\/news\/wp-json\/wp\/v2\/posts\/16794\/revisions"}],"predecessor-version":[{"id":16797,"href":"https:\/\/sindesvdf.com.br\/news\/wp-json\/wp\/v2\/posts\/16794\/revisions\/16797"}],"wp:featuredmedia":[{"embeddable":true,"href":"https:\/\/sindesvdf.com.br\/news\/wp-json\/wp\/v2\/media\/16792"}],"wp:attachment":[{"href":"https:\/\/sindesvdf.com.br\/news\/wp-json\/wp\/v2\/media?parent=16794"}],"wp:term":[{"taxonomy":"category","embeddable":true,"href":"https:\/\/sindesvdf.com.br\/news\/wp-json\/wp\/v2\/categories?post=16794"},{"taxonomy":"post_tag","embeddable":true,"href":"https:\/\/sindesvdf.com.br\/news\/wp-json\/wp\/v2\/tags?post=16794"}],"curies":[{"name":"wp","href":"https:\/\/api.w.org\/{rel}","templated":true}]}}