{"id":16798,"date":"2023-10-17T11:08:21","date_gmt":"2023-10-17T14:08:21","guid":{"rendered":"https:\/\/sindesvdf.com.br\/news\/?p=16798"},"modified":"2023-10-17T11:10:19","modified_gmt":"2023-10-17T14:10:19","slug":"sem-salario-vigilantes-ameacam-paralisacao-na-rodoviaria-e-na-saude","status":"publish","type":"post","link":"https:\/\/sindesvdf.com.br\/news\/sem-salario-vigilantes-ameacam-paralisacao-na-rodoviaria-e-na-saude\/","title":{"rendered":"Sem sal\u00e1rio, vigilantes amea\u00e7am paralisa\u00e7\u00e3o na Rodovi\u00e1ria e na Sa\u00fade"},"content":{"rendered":"<p><img loading=\"lazy\" decoding=\"async\" class=\"aligncenter size-full wp-image-16799\" src=\"https:\/\/sindesvdf.com.br\/news\/wp-content\/uploads\/2023\/10\/AVAL.jpg\" alt=\"\" width=\"700\" height=\"400\" srcset=\"https:\/\/sindesvdf.com.br\/news\/wp-content\/uploads\/2023\/10\/AVAL.jpg 700w, https:\/\/sindesvdf.com.br\/news\/wp-content\/uploads\/2023\/10\/AVAL-300x171.jpg 300w\" sizes=\"auto, (max-width: 700px) 100vw, 700px\" \/><\/p>\n<p><span style=\"font-size: 14pt;\">Cerca de 200\u00a0<a href=\"https:\/\/www.metropoles.com\/tag\/vigilantes\">vigilantes terceirizados<\/a>\u00a0que trabalham na\u00a0<a href=\"https:\/\/www.metropoles.com\/tag\/rodoviaria-do-plano-piloto\" target=\"_blank\" rel=\"noopener\">Rodovi\u00e1ria do Plano Piloto<\/a>\u00a0e na<a href=\"https:\/\/www.metropoles.com\/tag\/secretaria-de-saude\" target=\"_blank\" rel=\"noopener\">\u00a0Secretaria de Sa\u00fade<\/a>\u00a0pretendem parar os servi\u00e7os a partir das 7h desta ter\u00e7a-feira (17\/10). A categoria alega que os profissionais ainda n\u00e3o receberam o sal\u00e1rio deste m\u00eas. Os vigilantes tamb\u00e9m n\u00e3o teriam recebido pagamento de f\u00e9rias e de benef\u00edcios contratuais, como t\u00edckets de alimenta\u00e7\u00e3o.<\/span><\/p>\n<p><span style=\"font-size: 14pt;\">O\u00a0Metr\u00f3poles\u00a0teve acesso ao documento do sindicato que decidiu pela paralisa\u00e7\u00e3o dos servi\u00e7os. Eles s\u00e3o contratados pela<a href=\"https:\/\/www.avalservicos.com.br\/\" target=\"_blank\" rel=\"noopener\">\u00a0Aval Empresa de Seguran\u00e7a<\/a>. Na Sa\u00fade, os servi\u00e7os de vigil\u00e2ncia ser\u00e3o interrompidos no Hospital Regional da Asa Norte (<a href=\"https:\/\/www.metropoles.com\/tag\/hran\" target=\"_blank\" rel=\"noopener\">Hran)<\/a>\u00a0e no Laborat\u00f3rio Central de Sa\u00fade P\u00fablica (<a href=\"https:\/\/www.saude.df.gov.br\/lacen\" target=\"_blank\" rel=\"noopener\">Lacen<\/a>).\u201cAt\u00e9 a presente data [a empresa] n\u00e3o efetuou o pagamento de sal\u00e1rio e benef\u00edcios dos trabalhadores vigilantes, pagamentos estes que deveriam ser realizados at\u00e9 5\u00ba dia \u00fatil de cada m\u00eas, conforme leciona a Conven\u00e7\u00e3o Coletiva de Trabalho da categoria e legisla\u00e7\u00e3o vigente\u201d, destaca o texto.<\/span><\/p>\n<p><span style=\"font-size: 14pt;\">De acordo com o Sindicato dos Vigilantes do Distrito Federal (<a href=\"https:\/\/sindesvdf.com.br\/news\/\" target=\"_blank\" rel=\"noopener\">Sindesv<\/a>), os trabalhadores s\u00f3 devem retomar as atividades quando o pagamento for efetuado.<\/span><\/p>\n<p><span style=\"font-size: 14pt;\">A reportagem entrou em contato com a Aval Empresa de Seguran\u00e7a, com a Secretaria de Transporte e Mobilidade (<a href=\"https:\/\/semob.df.gov.br\/\" target=\"_blank\" rel=\"noopener\">Semob<\/a>) e com a\u00a0<a href=\"https:\/\/www.saude.df.gov.br\/\" target=\"_blank\" rel=\"noopener\">Secretaria de Sa\u00fade.<\/a>\u00a0At\u00e9 a \u00faltima atualiza\u00e7\u00e3o deste texto, nem a empresa em quest\u00e3o nem as pastas do GDF haviam emitido nenhum parecer.<\/span><\/p>\n<p style=\"text-align: right;\"><em><strong>Fonte: Metr\u00f3poles<\/strong><\/em><\/p>\n<p class=\"wpf_wrapper\"><a class=\"print_link\" href=\"\" target=\"_blank\">Preparar para impress\u00e3o<\/a><\/p><!-- .wpf_wrapper -->","protected":false},"excerpt":{"rendered":"<p>Cerca de 200\u00a0vigilantes terceirizados\u00a0que trabalham na\u00a0Rodovi\u00e1ria do Plano Piloto\u00a0e na\u00a0Secretaria de Sa\u00fade\u00a0pretendem parar os servi\u00e7os a partir das 7h desta&hellip; <\/p>\n","protected":false},"author":4,"featured_media":16799,"comment_status":"closed","ping_status":"closed","sticky":false,"template":"","format":"standard","meta":{"footnotes":""},"categories":[7],"tags":[],"class_list":["post-16798","post","type-post","status-publish","format-standard","has-post-thumbnail","hentry","category-noticias"],"jetpack_featured_media_url":"https:\/\/sindesvdf.com.br\/news\/wp-content\/uploads\/2023\/10\/AVAL.jpg","_links":{"self":[{"href":"https:\/\/sindesvdf.com.br\/news\/wp-json\/wp\/v2\/posts\/16798","targetHints":{"allow":["GET"]}}],"collection":[{"href":"https:\/\/sindesvdf.com.br\/news\/wp-json\/wp\/v2\/posts"}],"about":[{"href":"https:\/\/sindesvdf.com.br\/news\/wp-json\/wp\/v2\/types\/post"}],"author":[{"embeddable":true,"href":"https:\/\/sindesvdf.com.br\/news\/wp-json\/wp\/v2\/users\/4"}],"replies":[{"embeddable":true,"href":"https:\/\/sindesvdf.com.br\/news\/wp-json\/wp\/v2\/comments?post=16798"}],"version-history":[{"count":3,"href":"https:\/\/sindesvdf.com.br\/news\/wp-json\/wp\/v2\/posts\/16798\/revisions"}],"predecessor-version":[{"id":16801,"href":"https:\/\/sindesvdf.com.br\/news\/wp-json\/wp\/v2\/posts\/16798\/revisions\/16801"}],"wp:featuredmedia":[{"embeddable":true,"href":"https:\/\/sindesvdf.com.br\/news\/wp-json\/wp\/v2\/media\/16799"}],"wp:attachment":[{"href":"https:\/\/sindesvdf.com.br\/news\/wp-json\/wp\/v2\/media?parent=16798"}],"wp:term":[{"taxonomy":"category","embeddable":true,"href":"https:\/\/sindesvdf.com.br\/news\/wp-json\/wp\/v2\/categories?post=16798"},{"taxonomy":"post_tag","embeddable":true,"href":"https:\/\/sindesvdf.com.br\/news\/wp-json\/wp\/v2\/tags?post=16798"}],"curies":[{"name":"wp","href":"https:\/\/api.w.org\/{rel}","templated":true}]}}