{"id":16803,"date":"2023-10-17T13:35:04","date_gmt":"2023-10-17T16:35:04","guid":{"rendered":"https:\/\/sindesvdf.com.br\/news\/?p=16803"},"modified":"2023-10-17T13:35:04","modified_gmt":"2023-10-17T16:35:04","slug":"sem-pagamento-e-beneficios-vigilante-da-aval-que-prestam-servico-no-hran-e-rodoviaria-do-plano-paralisam-atividades","status":"publish","type":"post","link":"https:\/\/sindesvdf.com.br\/news\/sem-pagamento-e-beneficios-vigilante-da-aval-que-prestam-servico-no-hran-e-rodoviaria-do-plano-paralisam-atividades\/","title":{"rendered":"Sem pagamento e benef\u00edcios, vigilante da Aval que prestam servi\u00e7o no HRAN e Rodovi\u00e1ria do Plano paralisam atividades"},"content":{"rendered":"<p><img loading=\"lazy\" decoding=\"async\" class=\"aligncenter size-full wp-image-16804\" src=\"https:\/\/sindesvdf.com.br\/news\/wp-content\/uploads\/2023\/10\/aval2.jpg\" alt=\"\" width=\"700\" height=\"400\" srcset=\"https:\/\/sindesvdf.com.br\/news\/wp-content\/uploads\/2023\/10\/aval2.jpg 700w, https:\/\/sindesvdf.com.br\/news\/wp-content\/uploads\/2023\/10\/aval2-300x171.jpg 300w\" sizes=\"auto, (max-width: 700px) 100vw, 700px\" \/><\/p>\n<p><span style=\"font-size: 14pt;\">Na manh\u00e3 desta ter\u00e7a-feira, 17\/10\/2023, os vigilantes que prestam servi\u00e7o no Hospital Regional da Asa Norte, Hran e Rodovi\u00e1ria do Plano Piloto, dentro do entendimento de que somente com press\u00e3o, a caloteira tomaria uma atitude, atenderam ao chamado do SINDESV-DF e paralisaram as atividades.<\/span><\/p>\n<p><span style=\"font-size: 14pt;\">Agora, \u00e9 aguardar a posi\u00e7\u00e3o do GDF e da pr\u00f3pria empresa que s\u00f3 reconhecem os direitos dos vigilantes quando s\u00e3o pressionados com paralisa\u00e7\u00e3o, pois hospitais n\u00e3o funcionam sem a presen\u00e7a do vigilante, o que j\u00e1 demonstra o quanto s\u00e3o importantes em seus postos de servi\u00e7o e o quanto exercem uma atividade essencial. J\u00e1 na Rodovi\u00e1ria do Plano que normalmente j\u00e1 \u00e9 um caos di\u00e1rio, imaginem sem a presen\u00e7a do vigilante.<\/span><\/p>\n<p><span style=\"font-size: 14pt;\">Esperamos que o tomador de servi\u00e7o e a empresa tenham o m\u00ednimo de respeito a esses pais e m\u00e3es de fam\u00edlia e fa\u00e7am o pagamento dos sal\u00e1rios e demais benef\u00edcios imediatamente.<\/span><\/p>\n<p class=\"wpf_wrapper\"><a class=\"print_link\" href=\"\" target=\"_blank\">Preparar para impress\u00e3o<\/a><\/p><!-- .wpf_wrapper -->","protected":false},"excerpt":{"rendered":"<p>Na manh\u00e3 desta ter\u00e7a-feira, 17\/10\/2023, os vigilantes que prestam servi\u00e7o no Hospital Regional da Asa Norte, Hran e Rodovi\u00e1ria do&hellip; <\/p>\n","protected":false},"author":4,"featured_media":16804,"comment_status":"closed","ping_status":"closed","sticky":false,"template":"","format":"standard","meta":{"footnotes":""},"categories":[101],"tags":[],"class_list":["post-16803","post","type-post","status-publish","format-standard","has-post-thumbnail","hentry","category-olho-vivo"],"jetpack_featured_media_url":"https:\/\/sindesvdf.com.br\/news\/wp-content\/uploads\/2023\/10\/aval2.jpg","_links":{"self":[{"href":"https:\/\/sindesvdf.com.br\/news\/wp-json\/wp\/v2\/posts\/16803","targetHints":{"allow":["GET"]}}],"collection":[{"href":"https:\/\/sindesvdf.com.br\/news\/wp-json\/wp\/v2\/posts"}],"about":[{"href":"https:\/\/sindesvdf.com.br\/news\/wp-json\/wp\/v2\/types\/post"}],"author":[{"embeddable":true,"href":"https:\/\/sindesvdf.com.br\/news\/wp-json\/wp\/v2\/users\/4"}],"replies":[{"embeddable":true,"href":"https:\/\/sindesvdf.com.br\/news\/wp-json\/wp\/v2\/comments?post=16803"}],"version-history":[{"count":2,"href":"https:\/\/sindesvdf.com.br\/news\/wp-json\/wp\/v2\/posts\/16803\/revisions"}],"predecessor-version":[{"id":16806,"href":"https:\/\/sindesvdf.com.br\/news\/wp-json\/wp\/v2\/posts\/16803\/revisions\/16806"}],"wp:featuredmedia":[{"embeddable":true,"href":"https:\/\/sindesvdf.com.br\/news\/wp-json\/wp\/v2\/media\/16804"}],"wp:attachment":[{"href":"https:\/\/sindesvdf.com.br\/news\/wp-json\/wp\/v2\/media?parent=16803"}],"wp:term":[{"taxonomy":"category","embeddable":true,"href":"https:\/\/sindesvdf.com.br\/news\/wp-json\/wp\/v2\/categories?post=16803"},{"taxonomy":"post_tag","embeddable":true,"href":"https:\/\/sindesvdf.com.br\/news\/wp-json\/wp\/v2\/tags?post=16803"}],"curies":[{"name":"wp","href":"https:\/\/api.w.org\/{rel}","templated":true}]}}