{"id":16808,"date":"2023-10-18T17:02:27","date_gmt":"2023-10-18T20:02:27","guid":{"rendered":"https:\/\/sindesvdf.com.br\/news\/?p=16808"},"modified":"2023-10-19T08:11:18","modified_gmt":"2023-10-19T11:11:18","slug":"com-pressao-aval-paga-e-vigilantes-do-hran-encerram-para-lisacao","status":"publish","type":"post","link":"https:\/\/sindesvdf.com.br\/news\/com-pressao-aval-paga-e-vigilantes-do-hran-encerram-para-lisacao\/","title":{"rendered":"Com press\u00e3o, Aval paga e vigilantes do HRAN encerram paralisa\u00e7\u00e3o"},"content":{"rendered":"<p><img loading=\"lazy\" decoding=\"async\" class=\"aligncenter size-full wp-image-16809\" src=\"https:\/\/sindesvdf.com.br\/news\/wp-content\/uploads\/2023\/10\/avalpg.jpg\" alt=\"\" width=\"700\" height=\"400\" srcset=\"https:\/\/sindesvdf.com.br\/news\/wp-content\/uploads\/2023\/10\/avalpg.jpg 700w, https:\/\/sindesvdf.com.br\/news\/wp-content\/uploads\/2023\/10\/avalpg-300x171.jpg 300w\" sizes=\"auto, (max-width: 700px) 100vw, 700px\" \/><\/p>\n<p><span style=\"font-size: 14pt;\">N\u00e3o suportando mais a falta de pagamento de seus sal\u00e1rios e benef\u00edcios, os vigilantes do HRAN resolveram paralisar as atividades para pressionar a empresa e o tomador de servi\u00e7o a tomarem uma atitude.<\/span><\/p>\n<p><span style=\"font-size: 14pt;\">A paralisa\u00e7\u00e3o teve in\u00edcio na manh\u00e3 de ter\u00e7a, dia 17\/10\/2023 e na quarta-feira, 18\/10\/2023, todos e todas j\u00e1 haviam recebido seus sal\u00e1rios e benef\u00edcios, mostrando a import\u00e2ncia da nossa uni\u00e3o e mobiliza\u00e7\u00e3o.<\/span><\/p>\n<p><span style=\"font-size: 14pt;\">Parabenizamos os vigilantes que foram \u00e0 luta defender seus direitos.<\/span><\/p>\n<p class=\"wpf_wrapper\"><a class=\"print_link\" href=\"\" target=\"_blank\">Preparar para impress\u00e3o<\/a><\/p><!-- .wpf_wrapper -->","protected":false},"excerpt":{"rendered":"<p>N\u00e3o suportando mais a falta de pagamento de seus sal\u00e1rios e benef\u00edcios, os vigilantes do HRAN resolveram paralisar as atividades&hellip; <\/p>\n","protected":false},"author":4,"featured_media":16809,"comment_status":"closed","ping_status":"closed","sticky":false,"template":"","format":"standard","meta":{"footnotes":""},"categories":[101],"tags":[],"class_list":["post-16808","post","type-post","status-publish","format-standard","has-post-thumbnail","hentry","category-olho-vivo"],"jetpack_featured_media_url":"https:\/\/sindesvdf.com.br\/news\/wp-content\/uploads\/2023\/10\/avalpg.jpg","_links":{"self":[{"href":"https:\/\/sindesvdf.com.br\/news\/wp-json\/wp\/v2\/posts\/16808","targetHints":{"allow":["GET"]}}],"collection":[{"href":"https:\/\/sindesvdf.com.br\/news\/wp-json\/wp\/v2\/posts"}],"about":[{"href":"https:\/\/sindesvdf.com.br\/news\/wp-json\/wp\/v2\/types\/post"}],"author":[{"embeddable":true,"href":"https:\/\/sindesvdf.com.br\/news\/wp-json\/wp\/v2\/users\/4"}],"replies":[{"embeddable":true,"href":"https:\/\/sindesvdf.com.br\/news\/wp-json\/wp\/v2\/comments?post=16808"}],"version-history":[{"count":2,"href":"https:\/\/sindesvdf.com.br\/news\/wp-json\/wp\/v2\/posts\/16808\/revisions"}],"predecessor-version":[{"id":16811,"href":"https:\/\/sindesvdf.com.br\/news\/wp-json\/wp\/v2\/posts\/16808\/revisions\/16811"}],"wp:featuredmedia":[{"embeddable":true,"href":"https:\/\/sindesvdf.com.br\/news\/wp-json\/wp\/v2\/media\/16809"}],"wp:attachment":[{"href":"https:\/\/sindesvdf.com.br\/news\/wp-json\/wp\/v2\/media?parent=16808"}],"wp:term":[{"taxonomy":"category","embeddable":true,"href":"https:\/\/sindesvdf.com.br\/news\/wp-json\/wp\/v2\/categories?post=16808"},{"taxonomy":"post_tag","embeddable":true,"href":"https:\/\/sindesvdf.com.br\/news\/wp-json\/wp\/v2\/tags?post=16808"}],"curies":[{"name":"wp","href":"https:\/\/api.w.org\/{rel}","templated":true}]}}