{"id":16821,"date":"2023-10-30T21:00:07","date_gmt":"2023-10-31T00:00:07","guid":{"rendered":"https:\/\/sindesvdf.com.br\/news\/?p=16821"},"modified":"2023-10-31T11:48:06","modified_gmt":"2023-10-31T14:48:06","slug":"empresa-confederal-afirma-que-deixara-contrato-31-lote-3-do-gdf","status":"publish","type":"post","link":"https:\/\/sindesvdf.com.br\/news\/empresa-confederal-afirma-que-deixara-contrato-31-lote-3-do-gdf\/","title":{"rendered":"Empresa Confederal afirma que deixar\u00e1 contrato 31, lote 3, do GDF."},"content":{"rendered":"<figure id=\"attachment_16822\" aria-describedby=\"caption-attachment-16822\" style=\"width: 700px\" class=\"wp-caption aligncenter\"><img loading=\"lazy\" decoding=\"async\" class=\"wp-image-16822 size-full\" src=\"https:\/\/sindesvdf.com.br\/news\/wp-content\/uploads\/2023\/10\/confederal_lote3.jpg\" alt=\"\" width=\"700\" height=\"400\" srcset=\"https:\/\/sindesvdf.com.br\/news\/wp-content\/uploads\/2023\/10\/confederal_lote3.jpg 700w, https:\/\/sindesvdf.com.br\/news\/wp-content\/uploads\/2023\/10\/confederal_lote3-300x171.jpg 300w\" sizes=\"auto, (max-width: 700px) 100vw, 700px\" \/><figcaption id=\"caption-attachment-16822\" class=\"wp-caption-text\">Vigilantes da Confederal que est\u00e3o no LOTE 3 \u2013 continuem em seus postos de servi\u00e7os<\/figcaption><\/figure>\n<p><span style=\"font-size: 14pt;\">Diante da demora de uma decis\u00e3o do Tribunal de Contas do DF, sobre o contrato 31, lote 3, tocado pela Confederal, mas que est\u00e1 sub-j\u00fadice, a Empresa comunicou, dia 27\/10\/2023 que estaria deixando o contrato.<\/span><\/p>\n<p><span style=\"font-size: 14pt;\">Com isso, o Sindicato dos vigilantes do DF, atrav\u00e9s de seu presidente Paulo Quadros e os diretores Melqui e Elton, estiveram no GDF, dia 30\/10\/2023, na SEPLAD e fizeram uma reuni\u00e3o quando cobramos o emprego e os sal\u00e1rios dos 598 vigilantes que prestam servi\u00e7o ao GDF no lote 3. Lembramos ainda da cl\u00e1usula da continuidade e nos foi garantido que nenhum vigilante sofreria qualquer preju\u00edzo nem de sal\u00e1rio e nem de emprego.<\/span><\/p>\n<p><span style=\"font-size: 14pt;\">Como ainda n\u00e3o est\u00e1 definido se a Confederal vai continuar no contrato e nem quais empresas assumiriam na modalidade sobra de contrato, estamos tranquilizando os vigilantes e, nesta ter\u00e7a, 31\/10\/2023, quando tivermos a defini\u00e7\u00e3o desta situa\u00e7\u00e3o, faremos uma nova nota comunicando aos vigilantes.<\/span><\/p>\n<p><strong><span style=\"font-size: 14pt;\">ATEN\u00c7\u00c3O VIGILANTES QUE EST\u00c3O NO LOTE 3 DO GDF E S\u00c3O DA CONFEDERAL \u2013 CONTINUEM EM SEUS POSTOS DE SERVI\u00c7O NORMALMENTE.<\/span><\/strong><\/p>\n<p><span style=\"font-size: 14pt;\">O\u00a0Sindicato\u00a0est\u00e1 acompanhando todo o processo, negociando e trabalhando em defesa de seus interesses.<\/span><\/p>\n<p class=\"wpf_wrapper\"><a class=\"print_link\" href=\"\" target=\"_blank\">Preparar para impress\u00e3o<\/a><\/p><!-- .wpf_wrapper -->","protected":false},"excerpt":{"rendered":"<p>Diante da demora de uma decis\u00e3o do Tribunal de Contas do DF, sobre o contrato 31, lote 3, tocado pela&hellip; <\/p>\n","protected":false},"author":4,"featured_media":16822,"comment_status":"closed","ping_status":"closed","sticky":false,"template":"","format":"standard","meta":{"footnotes":""},"categories":[101],"tags":[],"class_list":["post-16821","post","type-post","status-publish","format-standard","has-post-thumbnail","hentry","category-olho-vivo"],"jetpack_featured_media_url":"https:\/\/sindesvdf.com.br\/news\/wp-content\/uploads\/2023\/10\/confederal_lote3.jpg","_links":{"self":[{"href":"https:\/\/sindesvdf.com.br\/news\/wp-json\/wp\/v2\/posts\/16821","targetHints":{"allow":["GET"]}}],"collection":[{"href":"https:\/\/sindesvdf.com.br\/news\/wp-json\/wp\/v2\/posts"}],"about":[{"href":"https:\/\/sindesvdf.com.br\/news\/wp-json\/wp\/v2\/types\/post"}],"author":[{"embeddable":true,"href":"https:\/\/sindesvdf.com.br\/news\/wp-json\/wp\/v2\/users\/4"}],"replies":[{"embeddable":true,"href":"https:\/\/sindesvdf.com.br\/news\/wp-json\/wp\/v2\/comments?post=16821"}],"version-history":[{"count":1,"href":"https:\/\/sindesvdf.com.br\/news\/wp-json\/wp\/v2\/posts\/16821\/revisions"}],"predecessor-version":[{"id":16823,"href":"https:\/\/sindesvdf.com.br\/news\/wp-json\/wp\/v2\/posts\/16821\/revisions\/16823"}],"wp:featuredmedia":[{"embeddable":true,"href":"https:\/\/sindesvdf.com.br\/news\/wp-json\/wp\/v2\/media\/16822"}],"wp:attachment":[{"href":"https:\/\/sindesvdf.com.br\/news\/wp-json\/wp\/v2\/media?parent=16821"}],"wp:term":[{"taxonomy":"category","embeddable":true,"href":"https:\/\/sindesvdf.com.br\/news\/wp-json\/wp\/v2\/categories?post=16821"},{"taxonomy":"post_tag","embeddable":true,"href":"https:\/\/sindesvdf.com.br\/news\/wp-json\/wp\/v2\/tags?post=16821"}],"curies":[{"name":"wp","href":"https:\/\/api.w.org\/{rel}","templated":true}]}}