{"id":16825,"date":"2023-11-06T15:06:34","date_gmt":"2023-11-06T18:06:34","guid":{"rendered":"https:\/\/sindesvdf.com.br\/news\/?p=16825"},"modified":"2023-11-06T15:07:03","modified_gmt":"2023-11-06T18:07:03","slug":"comunicado-expediente","status":"publish","type":"post","link":"https:\/\/sindesvdf.com.br\/news\/comunicado-expediente\/","title":{"rendered":"COMUNICADO &#8211; Expediente"},"content":{"rendered":"<p><img loading=\"lazy\" decoding=\"async\" class=\"alignnone wp-image-16826 size-full\" src=\"https:\/\/sindesvdf.com.br\/news\/wp-content\/uploads\/2023\/11\/escpe.jpg\" alt=\"\" width=\"700\" height=\"400\" srcset=\"https:\/\/sindesvdf.com.br\/news\/wp-content\/uploads\/2023\/11\/escpe.jpg 700w, https:\/\/sindesvdf.com.br\/news\/wp-content\/uploads\/2023\/11\/escpe-300x171.jpg 300w\" sizes=\"auto, (max-width: 700px) 100vw, 700px\" \/><\/p>\n<p><span style=\"font-size: 14pt;\">Comunicamos que devido \u00e0 manuten\u00e7\u00e3o no sistema el\u00e9trico do Sindicato dos Vigilantes do DF, o expediente ser\u00e1 at\u00e9 as 15h de hoje (06\/11\/23).<\/span><\/p>\n<p><span style=\"font-size: 14pt;\">Retornaremos nossas atividades amanh\u00e3, ter\u00e7a-feira, (07\/11\/23) a partir das 7 horas da manh\u00e3.<\/span><\/p>\n<p class=\"wpf_wrapper\"><a class=\"print_link\" href=\"\" target=\"_blank\">Preparar para impress\u00e3o<\/a><\/p><!-- .wpf_wrapper -->","protected":false},"excerpt":{"rendered":"<p>Comunicamos que devido \u00e0 manuten\u00e7\u00e3o no sistema el\u00e9trico do Sindicato dos Vigilantes do DF, o expediente ser\u00e1 at\u00e9 as 15h&hellip; <\/p>\n","protected":false},"author":4,"featured_media":16826,"comment_status":"closed","ping_status":"closed","sticky":false,"template":"","format":"standard","meta":{"footnotes":""},"categories":[115],"tags":[],"class_list":["post-16825","post","type-post","status-publish","format-standard","has-post-thumbnail","hentry","category-plantao-olho-vivo"],"jetpack_featured_media_url":"https:\/\/sindesvdf.com.br\/news\/wp-content\/uploads\/2023\/11\/escpe.jpg","_links":{"self":[{"href":"https:\/\/sindesvdf.com.br\/news\/wp-json\/wp\/v2\/posts\/16825","targetHints":{"allow":["GET"]}}],"collection":[{"href":"https:\/\/sindesvdf.com.br\/news\/wp-json\/wp\/v2\/posts"}],"about":[{"href":"https:\/\/sindesvdf.com.br\/news\/wp-json\/wp\/v2\/types\/post"}],"author":[{"embeddable":true,"href":"https:\/\/sindesvdf.com.br\/news\/wp-json\/wp\/v2\/users\/4"}],"replies":[{"embeddable":true,"href":"https:\/\/sindesvdf.com.br\/news\/wp-json\/wp\/v2\/comments?post=16825"}],"version-history":[{"count":3,"href":"https:\/\/sindesvdf.com.br\/news\/wp-json\/wp\/v2\/posts\/16825\/revisions"}],"predecessor-version":[{"id":16828,"href":"https:\/\/sindesvdf.com.br\/news\/wp-json\/wp\/v2\/posts\/16825\/revisions\/16828"}],"wp:featuredmedia":[{"embeddable":true,"href":"https:\/\/sindesvdf.com.br\/news\/wp-json\/wp\/v2\/media\/16826"}],"wp:attachment":[{"href":"https:\/\/sindesvdf.com.br\/news\/wp-json\/wp\/v2\/media?parent=16825"}],"wp:term":[{"taxonomy":"category","embeddable":true,"href":"https:\/\/sindesvdf.com.br\/news\/wp-json\/wp\/v2\/categories?post=16825"},{"taxonomy":"post_tag","embeddable":true,"href":"https:\/\/sindesvdf.com.br\/news\/wp-json\/wp\/v2\/tags?post=16825"}],"curies":[{"name":"wp","href":"https:\/\/api.w.org\/{rel}","templated":true}]}}