{"id":16851,"date":"2023-11-29T12:13:55","date_gmt":"2023-11-29T15:13:55","guid":{"rendered":"https:\/\/sindesvdf.com.br\/news\/?p=16851"},"modified":"2023-11-29T12:11:40","modified_gmt":"2023-11-29T15:11:40","slug":"comunicado-de-expediente-dia-do-evangelico-2","status":"publish","type":"post","link":"https:\/\/sindesvdf.com.br\/news\/comunicado-de-expediente-dia-do-evangelico-2\/","title":{"rendered":"Comunicado de Expediente \u2013 Dia do Evang\u00e9lico"},"content":{"rendered":"<p><img loading=\"lazy\" decoding=\"async\" class=\"aligncenter size-full wp-image-16852\" src=\"https:\/\/sindesvdf.com.br\/news\/wp-content\/uploads\/2023\/11\/30novembro.jpg\" alt=\"\" width=\"700\" height=\"400\" srcset=\"https:\/\/sindesvdf.com.br\/news\/wp-content\/uploads\/2023\/11\/30novembro.jpg 700w, https:\/\/sindesvdf.com.br\/news\/wp-content\/uploads\/2023\/11\/30novembro-300x171.jpg 300w\" sizes=\"auto, (max-width: 700px) 100vw, 700px\" \/><\/p>\n<p><span style=\"font-size: 14pt;\">Devido ao feriado do Dia do Evang\u00e9lico, n\u00e3o haver\u00e1 expediente nesta quinta-feira, 30 de novembro.<\/span><\/p>\n<p><span style=\"font-size: 14pt;\">Retornaremos nossas atividades na sexta-feira, 1\u00ba de dezembro, \u00e0s 7h.<\/span><br \/>\n<span style=\"font-size: 14pt;\">Bom feriado a todos<\/span>!<\/p>\n<p class=\"wpf_wrapper\"><a class=\"print_link\" href=\"\" target=\"_blank\">Preparar para impress\u00e3o<\/a><\/p><!-- .wpf_wrapper -->","protected":false},"excerpt":{"rendered":"<p>Devido ao feriado do Dia do Evang\u00e9lico, n\u00e3o haver\u00e1 expediente nesta quinta-feira, 30 de novembro. Retornaremos nossas atividades na sexta-feira,&hellip; <\/p>\n","protected":false},"author":4,"featured_media":16852,"comment_status":"closed","ping_status":"closed","sticky":false,"template":"","format":"standard","meta":{"footnotes":""},"categories":[101],"tags":[],"class_list":["post-16851","post","type-post","status-publish","format-standard","has-post-thumbnail","hentry","category-olho-vivo"],"jetpack_featured_media_url":"https:\/\/sindesvdf.com.br\/news\/wp-content\/uploads\/2023\/11\/30novembro.jpg","_links":{"self":[{"href":"https:\/\/sindesvdf.com.br\/news\/wp-json\/wp\/v2\/posts\/16851","targetHints":{"allow":["GET"]}}],"collection":[{"href":"https:\/\/sindesvdf.com.br\/news\/wp-json\/wp\/v2\/posts"}],"about":[{"href":"https:\/\/sindesvdf.com.br\/news\/wp-json\/wp\/v2\/types\/post"}],"author":[{"embeddable":true,"href":"https:\/\/sindesvdf.com.br\/news\/wp-json\/wp\/v2\/users\/4"}],"replies":[{"embeddable":true,"href":"https:\/\/sindesvdf.com.br\/news\/wp-json\/wp\/v2\/comments?post=16851"}],"version-history":[{"count":1,"href":"https:\/\/sindesvdf.com.br\/news\/wp-json\/wp\/v2\/posts\/16851\/revisions"}],"predecessor-version":[{"id":16853,"href":"https:\/\/sindesvdf.com.br\/news\/wp-json\/wp\/v2\/posts\/16851\/revisions\/16853"}],"wp:featuredmedia":[{"embeddable":true,"href":"https:\/\/sindesvdf.com.br\/news\/wp-json\/wp\/v2\/media\/16852"}],"wp:attachment":[{"href":"https:\/\/sindesvdf.com.br\/news\/wp-json\/wp\/v2\/media?parent=16851"}],"wp:term":[{"taxonomy":"category","embeddable":true,"href":"https:\/\/sindesvdf.com.br\/news\/wp-json\/wp\/v2\/categories?post=16851"},{"taxonomy":"post_tag","embeddable":true,"href":"https:\/\/sindesvdf.com.br\/news\/wp-json\/wp\/v2\/tags?post=16851"}],"curies":[{"name":"wp","href":"https:\/\/api.w.org\/{rel}","templated":true}]}}