{"id":16854,"date":"2023-11-28T15:08:16","date_gmt":"2023-11-28T18:08:16","guid":{"rendered":"https:\/\/sindesvdf.com.br\/news\/?p=16854"},"modified":"2023-11-28T15:08:16","modified_gmt":"2023-11-28T18:08:16","slug":"gdf-publica-contratacao-de-empresa-em-situacao-emergencial-de-vigilancia-armada-e-desarmada","status":"publish","type":"post","link":"https:\/\/sindesvdf.com.br\/news\/gdf-publica-contratacao-de-empresa-em-situacao-emergencial-de-vigilancia-armada-e-desarmada\/","title":{"rendered":"GDF publica contrata\u00e7\u00e3o de empresa em situa\u00e7\u00e3o emergencial de vigil\u00e2ncia armada e desarmada."},"content":{"rendered":"<p><img loading=\"lazy\" decoding=\"async\" class=\"aligncenter size-full wp-image-16855\" src=\"https:\/\/sindesvdf.com.br\/news\/wp-content\/uploads\/2023\/11\/SES-licitacao.jpg\" alt=\"\" width=\"700\" height=\"400\" srcset=\"https:\/\/sindesvdf.com.br\/news\/wp-content\/uploads\/2023\/11\/SES-licitacao.jpg 700w, https:\/\/sindesvdf.com.br\/news\/wp-content\/uploads\/2023\/11\/SES-licitacao-300x171.jpg 300w\" sizes=\"auto, (max-width: 700px) 100vw, 700px\" \/><\/p>\n<p><span style=\"font-size: 14pt;\">No dia 27 de novembro de 2023, o Governo do Distrito Federal fez comunicar que est\u00e1 contratando empresa de seguran\u00e7a privada, em situa\u00e7\u00e3o emergencial com dispensa de licita\u00e7\u00e3o, para a Secretaria de Estado de Sa\u00fade do DF.<\/span><\/p>\n<p><span style=\"font-size: 14pt;\">A decis\u00e3o foi comunicada atrav\u00e9s de of\u00edcio e homologada para publica\u00e7\u00e3o no Di\u00e1rio Oficial do DF na manh\u00e3 de ter\u00e7a-feira, 28\/11\/2023.<\/span><\/p>\n<p><span style=\"font-size: 14pt;\">A dire\u00e7\u00e3o do SINDESV-DF espera que a nova empresa n\u00e3o venha cheia de problemas e d\u00edvidas, e que pague os sal\u00e1rios de seus empregados em dia e demais benef\u00edcios. Lembrando que temos cobrado do GDF licita\u00e7\u00e3o para contrata\u00e7\u00e3o de empresas para prestar servi\u00e7o de seguran\u00e7a privada na Secretaria de Sa\u00fade e outros \u00f3rg\u00e3os em substitui\u00e7\u00e3o \u00e0s caloteiras que, m\u00eas a m\u00eas, desrespeitam os vigilantes com atrasos de sal\u00e1rios e demais benef\u00edcios<\/span><\/p>\n<p><span style=\"font-size: 14pt;\">Veja o of\u00edcio encaminhado para publica\u00e7\u00e3o no Di\u00e1rio Oficial do DF. &gt;&gt; <a href=\"https:\/\/sindesvdf.com.br\/news\/wp-content\/uploads\/2023\/11\/SEI_GDF-127926731-Oficio.pdf\">SEI_GDF &#8211; 127926731 &#8211; Of\u00edcio<\/a><\/span><\/p>\n<p class=\"wpf_wrapper\"><a class=\"print_link\" href=\"\" target=\"_blank\">Preparar para impress\u00e3o<\/a><\/p><!-- .wpf_wrapper -->","protected":false},"excerpt":{"rendered":"<p>No dia 27 de novembro de 2023, o Governo do Distrito Federal fez comunicar que est\u00e1 contratando empresa de seguran\u00e7a&hellip; <\/p>\n","protected":false},"author":4,"featured_media":16855,"comment_status":"closed","ping_status":"closed","sticky":false,"template":"","format":"standard","meta":{"footnotes":""},"categories":[101],"tags":[],"class_list":["post-16854","post","type-post","status-publish","format-standard","has-post-thumbnail","hentry","category-olho-vivo"],"jetpack_featured_media_url":"https:\/\/sindesvdf.com.br\/news\/wp-content\/uploads\/2023\/11\/SES-licitacao.jpg","_links":{"self":[{"href":"https:\/\/sindesvdf.com.br\/news\/wp-json\/wp\/v2\/posts\/16854","targetHints":{"allow":["GET"]}}],"collection":[{"href":"https:\/\/sindesvdf.com.br\/news\/wp-json\/wp\/v2\/posts"}],"about":[{"href":"https:\/\/sindesvdf.com.br\/news\/wp-json\/wp\/v2\/types\/post"}],"author":[{"embeddable":true,"href":"https:\/\/sindesvdf.com.br\/news\/wp-json\/wp\/v2\/users\/4"}],"replies":[{"embeddable":true,"href":"https:\/\/sindesvdf.com.br\/news\/wp-json\/wp\/v2\/comments?post=16854"}],"version-history":[{"count":1,"href":"https:\/\/sindesvdf.com.br\/news\/wp-json\/wp\/v2\/posts\/16854\/revisions"}],"predecessor-version":[{"id":16857,"href":"https:\/\/sindesvdf.com.br\/news\/wp-json\/wp\/v2\/posts\/16854\/revisions\/16857"}],"wp:featuredmedia":[{"embeddable":true,"href":"https:\/\/sindesvdf.com.br\/news\/wp-json\/wp\/v2\/media\/16855"}],"wp:attachment":[{"href":"https:\/\/sindesvdf.com.br\/news\/wp-json\/wp\/v2\/media?parent=16854"}],"wp:term":[{"taxonomy":"category","embeddable":true,"href":"https:\/\/sindesvdf.com.br\/news\/wp-json\/wp\/v2\/categories?post=16854"},{"taxonomy":"post_tag","embeddable":true,"href":"https:\/\/sindesvdf.com.br\/news\/wp-json\/wp\/v2\/tags?post=16854"}],"curies":[{"name":"wp","href":"https:\/\/api.w.org\/{rel}","templated":true}]}}