{"id":16908,"date":"2024-01-17T13:41:48","date_gmt":"2024-01-17T16:41:48","guid":{"rendered":"https:\/\/sindesvdf.com.br\/news\/?p=16908"},"modified":"2024-02-19T11:24:01","modified_gmt":"2024-02-19T14:24:01","slug":"clausula-da-continuidade-e-lei-distrital-do-dep-chico-vigilante-garantem-o-emprego-do-vigilante","status":"publish","type":"post","link":"https:\/\/sindesvdf.com.br\/news\/clausula-da-continuidade-e-lei-distrital-do-dep-chico-vigilante-garantem-o-emprego-do-vigilante\/","title":{"rendered":"Cl\u00e1usula da continuidade e Lei Distrital do Dep. Chico Vigilante garantem o emprego do vigilante"},"content":{"rendered":"<p><img loading=\"lazy\" decoding=\"async\" class=\"aligncenter size-full wp-image-16909\" src=\"https:\/\/sindesvdf.com.br\/news\/wp-content\/uploads\/2024\/01\/VISAN_CTPS.jpg\" alt=\"\" width=\"700\" height=\"400\" srcset=\"https:\/\/sindesvdf.com.br\/news\/wp-content\/uploads\/2024\/01\/VISAN_CTPS.jpg 700w, https:\/\/sindesvdf.com.br\/news\/wp-content\/uploads\/2024\/01\/VISAN_CTPS-300x171.jpg 300w\" sizes=\"auto, (max-width: 700px) 100vw, 700px\" \/><\/p>\n<p><span style=\"font-size: 14pt;\">Est\u00e1 rolando uma fofoca, espalhada entre os vigilantes que, se a empresa Visan perder o contrato com o IGES, todos os vigilantes ser\u00e3o demitidos. Um boato que tem gerado inseguran\u00e7a entre os vigilantes com medo de perder o emprego.<\/span><\/p>\n<p><span style=\"font-size: 14pt;\">Na verdade, isto acontecia l\u00e1 pelos anos 80, in\u00edcio dos anos 90. Toda vez que havia uma licita\u00e7\u00e3o e a empresa perdia, todos os vigilantes eram demitidos e substitu\u00eddos. Na maioria das vezes, esses vigilantes n\u00e3o conseguiam outra vaga de emprego. A rotatividade era muito alta e dificilmente um vigilante conseguia se aposentar na atividade.<\/span><\/p>\n<p><span style=\"font-size: 14pt;\">Diante disso, o Sindicato dos Vigilantes do DF come\u00e7ou uma grande luta, junto com o deputado Chico Vigilante, at\u00e9 conseguirmos incluir na Conven\u00e7\u00e3o Coletiva de Trabalho, a cl\u00e1usula da continuidade e desde ent\u00e3o, a empresa sai, mas o vigilante fica no mesmo posto de servi\u00e7o com seu emprego garantido.<\/span><\/p>\n<p><span style=\"font-size: 14pt;\">Entenderam a import\u00e2ncia de termos um deputado que apresenta leis que protegem nossos direitos e conquistas? Entenderam a import\u00e2ncia de ter um Sindicato atuante, que luta diariamente para defender o emprego, o sal\u00e1rio e as nossas conquistas.<\/span><\/p>\n<p class=\"wpf_wrapper\"><a class=\"print_link\" href=\"\" target=\"_blank\">Preparar para impress\u00e3o<\/a><\/p><!-- .wpf_wrapper -->","protected":false},"excerpt":{"rendered":"<p>Est\u00e1 rolando uma fofoca, espalhada entre os vigilantes que, se a empresa Visan perder o contrato com o IGES, todos&hellip; <\/p>\n","protected":false},"author":4,"featured_media":16909,"comment_status":"closed","ping_status":"closed","sticky":false,"template":"","format":"standard","meta":{"footnotes":""},"categories":[101,115],"tags":[],"class_list":["post-16908","post","type-post","status-publish","format-standard","has-post-thumbnail","hentry","category-olho-vivo","category-plantao-olho-vivo"],"jetpack_featured_media_url":"https:\/\/sindesvdf.com.br\/news\/wp-content\/uploads\/2024\/01\/VISAN_CTPS.jpg","_links":{"self":[{"href":"https:\/\/sindesvdf.com.br\/news\/wp-json\/wp\/v2\/posts\/16908","targetHints":{"allow":["GET"]}}],"collection":[{"href":"https:\/\/sindesvdf.com.br\/news\/wp-json\/wp\/v2\/posts"}],"about":[{"href":"https:\/\/sindesvdf.com.br\/news\/wp-json\/wp\/v2\/types\/post"}],"author":[{"embeddable":true,"href":"https:\/\/sindesvdf.com.br\/news\/wp-json\/wp\/v2\/users\/4"}],"replies":[{"embeddable":true,"href":"https:\/\/sindesvdf.com.br\/news\/wp-json\/wp\/v2\/comments?post=16908"}],"version-history":[{"count":1,"href":"https:\/\/sindesvdf.com.br\/news\/wp-json\/wp\/v2\/posts\/16908\/revisions"}],"predecessor-version":[{"id":16910,"href":"https:\/\/sindesvdf.com.br\/news\/wp-json\/wp\/v2\/posts\/16908\/revisions\/16910"}],"wp:featuredmedia":[{"embeddable":true,"href":"https:\/\/sindesvdf.com.br\/news\/wp-json\/wp\/v2\/media\/16909"}],"wp:attachment":[{"href":"https:\/\/sindesvdf.com.br\/news\/wp-json\/wp\/v2\/media?parent=16908"}],"wp:term":[{"taxonomy":"category","embeddable":true,"href":"https:\/\/sindesvdf.com.br\/news\/wp-json\/wp\/v2\/categories?post=16908"},{"taxonomy":"post_tag","embeddable":true,"href":"https:\/\/sindesvdf.com.br\/news\/wp-json\/wp\/v2\/tags?post=16908"}],"curies":[{"name":"wp","href":"https:\/\/api.w.org\/{rel}","templated":true}]}}