{"id":16924,"date":"2024-02-19T08:48:17","date_gmt":"2024-02-19T11:48:17","guid":{"rendered":"https:\/\/sindesvdf.com.br\/news\/?p=16924"},"modified":"2024-02-19T11:22:29","modified_gmt":"2024-02-19T14:22:29","slug":"campanha-salarial-2024-assembleia-geral-dia-21-de-fevereiro-de-2024","status":"publish","type":"post","link":"https:\/\/sindesvdf.com.br\/news\/campanha-salarial-2024-assembleia-geral-dia-21-de-fevereiro-de-2024\/","title":{"rendered":"Campanha Salarial 2024: Assembleia Geral dia 21 de fevereiro de 2024."},"content":{"rendered":"<p><img loading=\"lazy\" decoding=\"async\" class=\"aligncenter wp-image-16925 size-full\" src=\"https:\/\/sindesvdf.com.br\/news\/wp-content\/uploads\/2024\/02\/assembleia-21-02-24.jpg\" alt=\"\" width=\"700\" height=\"400\" srcset=\"https:\/\/sindesvdf.com.br\/news\/wp-content\/uploads\/2024\/02\/assembleia-21-02-24.jpg 700w, https:\/\/sindesvdf.com.br\/news\/wp-content\/uploads\/2024\/02\/assembleia-21-02-24-300x171.jpg 300w\" sizes=\"auto, (max-width: 700px) 100vw, 700px\" \/><\/p>\n<p><span style=\"font-size: 14pt;\">\u00a0J\u00e1 tivemos mais de oito rodadas de negocia\u00ad\u00e7\u00f5es e tudo que o patronal apresentou at\u00e9 agora foi retrocesso aos nossos direitos e conquistas, insistindo em mexer em cl\u00e1usulas que j\u00e1 alerta\u00admos em diversas ocasi\u00f5es que s\u00e3o inegoci\u00e1veis.<\/span><\/p>\n<p><span style=\"font-size: 14pt;\">\u00a0Os empres\u00e1rios sabem que n\u00e3o aceitaremos, sob qualquer hip\u00f3tese, uma \u00fanica perda em nos\u00adsa CCT e que a nossa luta \u00e9 e sempre ser\u00e1 por avan\u00e7os. E n\u00e3o adianta os patr\u00f5es ficarem apre\u00adsentando propostas que eles t\u00eam certeza que n\u00e3o ser\u00e3o aceitas e essa perda de tempo que eles est\u00e3o impondo nas negocia\u00e7\u00f5es, ser\u00e1 ruim para eles tamb\u00e9m que precisam encerrar a da\u00adta-base para fazer a repactua\u00e7\u00e3o dos contratos.<\/span><\/p>\n<p><span style=\"font-size: 14pt;\">\u00a0<strong>Portanto, o prazo \u00e9 at\u00e9 o dia 21\/02\/2024, data da pr\u00f3\u00adxima assembleia de avalia\u00e7\u00e3o da proposta. Se n\u00e3o ti\u00adver nada, podemos votar a data de in\u00edcio da greve.<\/strong><\/span><\/p>\n<p><span style=\"font-size: 14pt;\">\u00a0<strong>ASSEMBLEIA GERAL<\/strong><\/span><\/p>\n<p><span style=\"font-size: 14pt;\">DIA: 21\/02\/2024 \u2013 QUARTA-FEIRA \u2013 \u00c0S 19H30<\/span><\/p>\n<p><span style=\"font-size: 14pt;\">LOCAL: RAMPA DOS VIGILANTES EM FRENTE \u00c0 CASA DO CHOCOLATE (CONIC)<\/span><\/p>\n<p><span style=\"font-size: 14pt;\">PAUTA: AVALIA\u00c7\u00c3O DA PROPOSTA PATRONAL, SE HOUVER, OU DELIBERA\u00c7\u00c3O<\/span><\/p>\n<p><span style=\"font-size: 14pt;\">SOBRE A DATA DE IN\u00cdCIO DA GREVE.<\/span><\/p>\n<p><strong><span style=\"font-size: 14pt;\">PARTICIPE! SAI DO ZAP E VEM LUTAR!<\/span><\/strong><\/p>\n<div style=\"width: 1110px;\" class=\"wp-video\"><video class=\"wp-video-shortcode\" id=\"video-16924-1\" width=\"1110\" height=\"624\" preload=\"metadata\" controls=\"controls\"><source type=\"video\/mp4\" src=\"https:\/\/sindesvdf.com.br\/news\/wp-content\/uploads\/2024\/02\/Assembleia-21-02-Legendado-SITE.mp4?_=1\" \/><a href=\"https:\/\/sindesvdf.com.br\/news\/wp-content\/uploads\/2024\/02\/Assembleia-21-02-Legendado-SITE.mp4\">https:\/\/sindesvdf.com.br\/news\/wp-content\/uploads\/2024\/02\/Assembleia-21-02-Legendado-SITE.mp4<\/a><\/video><\/div>\n<p class=\"wpf_wrapper\"><a class=\"print_link\" href=\"\" target=\"_blank\">Preparar para impress\u00e3o<\/a><\/p><!-- .wpf_wrapper -->","protected":false},"excerpt":{"rendered":"<p>\u00a0J\u00e1 tivemos mais de oito rodadas de negocia\u00ad\u00e7\u00f5es e tudo que o patronal apresentou at\u00e9 agora foi retrocesso aos nossos&hellip; <\/p>\n","protected":false},"author":4,"featured_media":16925,"comment_status":"closed","ping_status":"closed","sticky":false,"template":"","format":"standard","meta":{"footnotes":""},"categories":[101,115],"tags":[],"class_list":["post-16924","post","type-post","status-publish","format-standard","has-post-thumbnail","hentry","category-olho-vivo","category-plantao-olho-vivo"],"jetpack_featured_media_url":"https:\/\/sindesvdf.com.br\/news\/wp-content\/uploads\/2024\/02\/assembleia-21-02-24.jpg","_links":{"self":[{"href":"https:\/\/sindesvdf.com.br\/news\/wp-json\/wp\/v2\/posts\/16924","targetHints":{"allow":["GET"]}}],"collection":[{"href":"https:\/\/sindesvdf.com.br\/news\/wp-json\/wp\/v2\/posts"}],"about":[{"href":"https:\/\/sindesvdf.com.br\/news\/wp-json\/wp\/v2\/types\/post"}],"author":[{"embeddable":true,"href":"https:\/\/sindesvdf.com.br\/news\/wp-json\/wp\/v2\/users\/4"}],"replies":[{"embeddable":true,"href":"https:\/\/sindesvdf.com.br\/news\/wp-json\/wp\/v2\/comments?post=16924"}],"version-history":[{"count":4,"href":"https:\/\/sindesvdf.com.br\/news\/wp-json\/wp\/v2\/posts\/16924\/revisions"}],"predecessor-version":[{"id":16930,"href":"https:\/\/sindesvdf.com.br\/news\/wp-json\/wp\/v2\/posts\/16924\/revisions\/16930"}],"wp:featuredmedia":[{"embeddable":true,"href":"https:\/\/sindesvdf.com.br\/news\/wp-json\/wp\/v2\/media\/16925"}],"wp:attachment":[{"href":"https:\/\/sindesvdf.com.br\/news\/wp-json\/wp\/v2\/media?parent=16924"}],"wp:term":[{"taxonomy":"category","embeddable":true,"href":"https:\/\/sindesvdf.com.br\/news\/wp-json\/wp\/v2\/categories?post=16924"},{"taxonomy":"post_tag","embeddable":true,"href":"https:\/\/sindesvdf.com.br\/news\/wp-json\/wp\/v2\/tags?post=16924"}],"curies":[{"name":"wp","href":"https:\/\/api.w.org\/{rel}","templated":true}]}}