{"id":16958,"date":"2024-03-08T15:09:24","date_gmt":"2024-03-08T18:09:24","guid":{"rendered":"https:\/\/sindesvdf.com.br\/news\/?p=16958"},"modified":"2024-03-08T15:45:10","modified_gmt":"2024-03-08T18:45:10","slug":"atencao-vigilantes-da-aval-e-ipanema-se-o-pagamento-nao-sair-vamos-parar","status":"publish","type":"post","link":"https:\/\/sindesvdf.com.br\/news\/atencao-vigilantes-da-aval-e-ipanema-se-o-pagamento-nao-sair-vamos-parar\/","title":{"rendered":"Aten\u00e7\u00e3o vigilantes da Aval e Ipanema \u2013 Se o pagamento n\u00e3o sair vamos parar"},"content":{"rendered":"<p><img loading=\"lazy\" decoding=\"async\" class=\"aligncenter size-full wp-image-16959\" src=\"https:\/\/sindesvdf.com.br\/news\/wp-content\/uploads\/2024\/03\/AVAL-080324.jpg\" alt=\"\" width=\"700\" height=\"400\" srcset=\"https:\/\/sindesvdf.com.br\/news\/wp-content\/uploads\/2024\/03\/AVAL-080324.jpg 700w, https:\/\/sindesvdf.com.br\/news\/wp-content\/uploads\/2024\/03\/AVAL-080324-300x171.jpg 300w\" sizes=\"auto, (max-width: 700px) 100vw, 700px\" \/><\/p>\n<p><span style=\"font-size: 14pt;\">Mais uma vez os vigilantes da Aval e Ipanema que prestam servi\u00e7o na Secretaria de Sa\u00fade s\u00e3o desrespeitados em seus direitos, ao chegar o quinto dia \u00fatil do m\u00eas e n\u00e3o receber o pagamento e benef\u00edcios. A nossa resposta para essa grave situa\u00e7\u00e3o s\u00f3 pode ser uma: GREVE e s\u00f3 voltar ao trabalho com o sal\u00e1rio na conta.<\/span><\/p>\n<p><span style=\"font-size: 14pt;\">Por isso, vigilantes, fiquem atentos e mobilizados.<\/span><\/p>\n<p><span style=\"font-size: 14pt;\"><strong>SE O PAGAMENTO N\u00c3O SAIR NA SEXTA, 08\/03\/2024, \u00c9 PARALISA\u00c7\u00c3O TOTAL A PARTIR DAS 07H DE SEGUNDA-FEIRA, DIA 11\/03\/2024. <\/strong><\/span><\/p>\n<p><span style=\"font-size: 14pt;\"><strong>Todos em frente aos hospitais de sua cidade com diretores do Sindicato para apoiar a paralisa\u00e7\u00e3o e a log\u00edstica do movimento.<\/strong><\/span><\/p>\n<p><span style=\"font-size: 14pt;\">Confira o of\u00edcio entregue \u00e0 Secretaria de Sa\u00fade <\/span><strong><span style=\"font-size: 14pt;\">&gt;&gt;<\/span> <a href=\"https:\/\/sindesvdf.com.br\/news\/wp-content\/uploads\/2024\/03\/OF-109-IPANEMA-E-AVAL-SECRETARIA-DE-SAUDE-ATRASO-DE-PAGAMENTO.pdf\">OF-109- IPANEMA &#8211; E AVAL &#8211; SECRETARIA DE SA\u00daDE &#8211; ATRASO DE PAGAMENTO<\/a> | <a href=\"https:\/\/sindesvdf.com.br\/news\/wp-content\/uploads\/2024\/03\/OF-108-IPANEMA-E-AVAL-SECRETARIA-DE-SAUDE-ATRASO-DE-PAGAMENTO.pdf\">OF-108- IPANEMA &#8211; E AVAL &#8211; SECRETARIA DE SA\u00daDE &#8211; ATRASO DE PAGAMENTO<\/a><\/strong><\/p>\n<p class=\"wpf_wrapper\"><a class=\"print_link\" href=\"\" target=\"_blank\">Preparar para impress\u00e3o<\/a><\/p><!-- .wpf_wrapper -->","protected":false},"excerpt":{"rendered":"<p>Mais uma vez os vigilantes da Aval e Ipanema que prestam servi\u00e7o na Secretaria de Sa\u00fade s\u00e3o desrespeitados em seus&hellip; <\/p>\n","protected":false},"author":4,"featured_media":16959,"comment_status":"closed","ping_status":"closed","sticky":false,"template":"","format":"standard","meta":{"footnotes":""},"categories":[101,115],"tags":[],"class_list":["post-16958","post","type-post","status-publish","format-standard","has-post-thumbnail","hentry","category-olho-vivo","category-plantao-olho-vivo"],"jetpack_featured_media_url":"https:\/\/sindesvdf.com.br\/news\/wp-content\/uploads\/2024\/03\/AVAL-080324.jpg","_links":{"self":[{"href":"https:\/\/sindesvdf.com.br\/news\/wp-json\/wp\/v2\/posts\/16958","targetHints":{"allow":["GET"]}}],"collection":[{"href":"https:\/\/sindesvdf.com.br\/news\/wp-json\/wp\/v2\/posts"}],"about":[{"href":"https:\/\/sindesvdf.com.br\/news\/wp-json\/wp\/v2\/types\/post"}],"author":[{"embeddable":true,"href":"https:\/\/sindesvdf.com.br\/news\/wp-json\/wp\/v2\/users\/4"}],"replies":[{"embeddable":true,"href":"https:\/\/sindesvdf.com.br\/news\/wp-json\/wp\/v2\/comments?post=16958"}],"version-history":[{"count":5,"href":"https:\/\/sindesvdf.com.br\/news\/wp-json\/wp\/v2\/posts\/16958\/revisions"}],"predecessor-version":[{"id":16961,"href":"https:\/\/sindesvdf.com.br\/news\/wp-json\/wp\/v2\/posts\/16958\/revisions\/16961"}],"wp:featuredmedia":[{"embeddable":true,"href":"https:\/\/sindesvdf.com.br\/news\/wp-json\/wp\/v2\/media\/16959"}],"wp:attachment":[{"href":"https:\/\/sindesvdf.com.br\/news\/wp-json\/wp\/v2\/media?parent=16958"}],"wp:term":[{"taxonomy":"category","embeddable":true,"href":"https:\/\/sindesvdf.com.br\/news\/wp-json\/wp\/v2\/categories?post=16958"},{"taxonomy":"post_tag","embeddable":true,"href":"https:\/\/sindesvdf.com.br\/news\/wp-json\/wp\/v2\/tags?post=16958"}],"curies":[{"name":"wp","href":"https:\/\/api.w.org\/{rel}","templated":true}]}}