{"id":16970,"date":"2024-03-14T14:09:22","date_gmt":"2024-03-14T17:09:22","guid":{"rendered":"https:\/\/sindesvdf.com.br\/news\/?p=16970"},"modified":"2024-03-15T15:10:41","modified_gmt":"2024-03-15T18:10:41","slug":"vigilantes-aprovam-estado-de-greve-e-aguardam-negociacao-no-ministerio-publico","status":"publish","type":"post","link":"https:\/\/sindesvdf.com.br\/news\/vigilantes-aprovam-estado-de-greve-e-aguardam-negociacao-no-ministerio-publico\/","title":{"rendered":"Vigilantes aprovam Estado de Greve e aguardam negocia\u00e7\u00e3o no Minist\u00e9rio P\u00fablico."},"content":{"rendered":"<p><img loading=\"lazy\" decoding=\"async\" class=\"aligncenter size-full wp-image-16971\" src=\"https:\/\/sindesvdf.com.br\/news\/wp-content\/uploads\/2024\/03\/13-03-24.jpg\" alt=\"\" width=\"700\" height=\"400\" srcset=\"https:\/\/sindesvdf.com.br\/news\/wp-content\/uploads\/2024\/03\/13-03-24.jpg 700w, https:\/\/sindesvdf.com.br\/news\/wp-content\/uploads\/2024\/03\/13-03-24-300x171.jpg 300w\" sizes=\"auto, (max-width: 700px) 100vw, 700px\" \/><\/p>\n<p><span style=\"font-size: 14pt;\">Nesta quarta-feira, 13\/03\/2024, vigilantes compareceram \u00e0 Assembleia Geral e foram informados que a negocia\u00e7\u00e3o no Minist\u00e9rio P\u00fablico do Trabalho marcada para as 14 horas desta quarta, foi remarcada para a pr\u00f3xima sexta-feira (15).\u00a0<\/span><\/p>\n<p><span style=\"font-size: 14pt;\">Nessas 9 rodadas de negocia\u00e7\u00e3o, o Sindicato Patronal chegou a oferecer reajuste de 4,3%. No entanto, as empresas querem dar um reajuste com uma m\u00e3o e tirar direitos e conquistas com a outra como: mexer no seguro de vida, fim da homologa\u00e7\u00e3o no Sindesv, vigilante aprendiz, entre outras, arrasando com mais de 30 anos de luta e conquistas.\u00a0<\/span><\/p>\n<p><span style=\"font-size: 14pt;\">Nesta quinta-feira, o assessor jur\u00eddico Dr. Jonas Duarte, entrar\u00e1 com a a\u00e7\u00e3o com pedido de diss\u00eddio coletivo e, ao mesmo tempo, aguardaremos o resultado da negocia\u00e7\u00e3o na sexta no Minist\u00e9rio P\u00fablico do Trabalho. E caso tenhamos uma proposta, chamaremos assembleia e se n\u00e3o houver, a greve ser\u00e1 decretada.<\/span><\/p>\n<p>&nbsp;<\/p>\n<div style=\"width: 608px;\" class=\"wp-video\"><video class=\"wp-video-shortcode\" id=\"video-16970-1\" width=\"608\" height=\"1080\" preload=\"metadata\" controls=\"controls\"><source type=\"video\/mp4\" src=\"https:\/\/sindesvdf.com.br\/news\/wp-content\/uploads\/2024\/03\/13-03-24-RESULTADO-2ok_RENDERSITE.mp4?_=1\" \/><a href=\"https:\/\/sindesvdf.com.br\/news\/wp-content\/uploads\/2024\/03\/13-03-24-RESULTADO-2ok_RENDERSITE.mp4\">https:\/\/sindesvdf.com.br\/news\/wp-content\/uploads\/2024\/03\/13-03-24-RESULTADO-2ok_RENDERSITE.mp4<\/a><\/video><\/div>\n<p class=\"wpf_wrapper\"><a class=\"print_link\" href=\"\" target=\"_blank\">Preparar para impress\u00e3o<\/a><\/p><!-- .wpf_wrapper -->","protected":false},"excerpt":{"rendered":"<p>Nesta quarta-feira, 13\/03\/2024, vigilantes compareceram \u00e0 Assembleia Geral e foram informados que a negocia\u00e7\u00e3o no Minist\u00e9rio P\u00fablico do Trabalho marcada&hellip; <\/p>\n","protected":false},"author":4,"featured_media":16971,"comment_status":"closed","ping_status":"closed","sticky":false,"template":"","format":"standard","meta":{"footnotes":""},"categories":[115],"tags":[],"class_list":["post-16970","post","type-post","status-publish","format-standard","has-post-thumbnail","hentry","category-plantao-olho-vivo"],"jetpack_featured_media_url":"https:\/\/sindesvdf.com.br\/news\/wp-content\/uploads\/2024\/03\/13-03-24.jpg","_links":{"self":[{"href":"https:\/\/sindesvdf.com.br\/news\/wp-json\/wp\/v2\/posts\/16970","targetHints":{"allow":["GET"]}}],"collection":[{"href":"https:\/\/sindesvdf.com.br\/news\/wp-json\/wp\/v2\/posts"}],"about":[{"href":"https:\/\/sindesvdf.com.br\/news\/wp-json\/wp\/v2\/types\/post"}],"author":[{"embeddable":true,"href":"https:\/\/sindesvdf.com.br\/news\/wp-json\/wp\/v2\/users\/4"}],"replies":[{"embeddable":true,"href":"https:\/\/sindesvdf.com.br\/news\/wp-json\/wp\/v2\/comments?post=16970"}],"version-history":[{"count":5,"href":"https:\/\/sindesvdf.com.br\/news\/wp-json\/wp\/v2\/posts\/16970\/revisions"}],"predecessor-version":[{"id":16981,"href":"https:\/\/sindesvdf.com.br\/news\/wp-json\/wp\/v2\/posts\/16970\/revisions\/16981"}],"wp:featuredmedia":[{"embeddable":true,"href":"https:\/\/sindesvdf.com.br\/news\/wp-json\/wp\/v2\/media\/16971"}],"wp:attachment":[{"href":"https:\/\/sindesvdf.com.br\/news\/wp-json\/wp\/v2\/media?parent=16970"}],"wp:term":[{"taxonomy":"category","embeddable":true,"href":"https:\/\/sindesvdf.com.br\/news\/wp-json\/wp\/v2\/categories?post=16970"},{"taxonomy":"post_tag","embeddable":true,"href":"https:\/\/sindesvdf.com.br\/news\/wp-json\/wp\/v2\/tags?post=16970"}],"curies":[{"name":"wp","href":"https:\/\/api.w.org\/{rel}","templated":true}]}}