{"id":16989,"date":"2024-03-27T08:01:26","date_gmt":"2024-03-27T11:01:26","guid":{"rendered":"https:\/\/sindesvdf.com.br\/news\/?p=16989"},"modified":"2024-03-26T10:05:20","modified_gmt":"2024-03-26T13:05:20","slug":"comunicado-de-expediente-feriado-de-pascoa-3","status":"publish","type":"post","link":"https:\/\/sindesvdf.com.br\/news\/comunicado-de-expediente-feriado-de-pascoa-3\/","title":{"rendered":"Comunicado de Expediente \u2013 Feriado de P\u00e1scoa"},"content":{"rendered":"<p><img loading=\"lazy\" decoding=\"async\" class=\"aligncenter size-full wp-image-16990\" src=\"https:\/\/sindesvdf.com.br\/news\/wp-content\/uploads\/2024\/03\/PASCOA24.jpg\" alt=\"\" width=\"700\" height=\"400\" srcset=\"https:\/\/sindesvdf.com.br\/news\/wp-content\/uploads\/2024\/03\/PASCOA24.jpg 700w, https:\/\/sindesvdf.com.br\/news\/wp-content\/uploads\/2024\/03\/PASCOA24-300x171.jpg 300w\" sizes=\"auto, (max-width: 700px) 100vw, 700px\" \/><\/p>\n<p><span style=\"font-size: 14pt;\">Informamos que n\u00e3o haver\u00e1 expediente no SINDESV-DF nos dias 28 e 29 de mar\u00e7o (quinta e sexta-feira) devido ao feriado de P\u00e1scoa.<\/span><\/p>\n<p><span style=\"font-size: 14pt;\">Retornaremos \u00e0s atividades na segunda-feira (01\/04) a partir das 7h da manh\u00e3. <\/span><\/p>\n<p><span style=\"font-size: 14pt;\">Bom feriado a todos!<\/span><\/p>\n<p class=\"wpf_wrapper\"><a class=\"print_link\" href=\"\" target=\"_blank\">Preparar para impress\u00e3o<\/a><\/p><!-- .wpf_wrapper -->","protected":false},"excerpt":{"rendered":"<p>Informamos que n\u00e3o haver\u00e1 expediente no SINDESV-DF nos dias 28 e 29 de mar\u00e7o (quinta e sexta-feira) devido ao feriado&hellip; <\/p>\n","protected":false},"author":4,"featured_media":16990,"comment_status":"closed","ping_status":"closed","sticky":false,"template":"","format":"standard","meta":{"footnotes":""},"categories":[],"tags":[],"class_list":["post-16989","post","type-post","status-publish","format-standard","has-post-thumbnail","hentry"],"jetpack_featured_media_url":"https:\/\/sindesvdf.com.br\/news\/wp-content\/uploads\/2024\/03\/PASCOA24.jpg","_links":{"self":[{"href":"https:\/\/sindesvdf.com.br\/news\/wp-json\/wp\/v2\/posts\/16989","targetHints":{"allow":["GET"]}}],"collection":[{"href":"https:\/\/sindesvdf.com.br\/news\/wp-json\/wp\/v2\/posts"}],"about":[{"href":"https:\/\/sindesvdf.com.br\/news\/wp-json\/wp\/v2\/types\/post"}],"author":[{"embeddable":true,"href":"https:\/\/sindesvdf.com.br\/news\/wp-json\/wp\/v2\/users\/4"}],"replies":[{"embeddable":true,"href":"https:\/\/sindesvdf.com.br\/news\/wp-json\/wp\/v2\/comments?post=16989"}],"version-history":[{"count":2,"href":"https:\/\/sindesvdf.com.br\/news\/wp-json\/wp\/v2\/posts\/16989\/revisions"}],"predecessor-version":[{"id":16992,"href":"https:\/\/sindesvdf.com.br\/news\/wp-json\/wp\/v2\/posts\/16989\/revisions\/16992"}],"wp:featuredmedia":[{"embeddable":true,"href":"https:\/\/sindesvdf.com.br\/news\/wp-json\/wp\/v2\/media\/16990"}],"wp:attachment":[{"href":"https:\/\/sindesvdf.com.br\/news\/wp-json\/wp\/v2\/media?parent=16989"}],"wp:term":[{"taxonomy":"category","embeddable":true,"href":"https:\/\/sindesvdf.com.br\/news\/wp-json\/wp\/v2\/categories?post=16989"},{"taxonomy":"post_tag","embeddable":true,"href":"https:\/\/sindesvdf.com.br\/news\/wp-json\/wp\/v2\/tags?post=16989"}],"curies":[{"name":"wp","href":"https:\/\/api.w.org\/{rel}","templated":true}]}}