{"id":17005,"date":"2024-04-08T11:18:17","date_gmt":"2024-04-08T14:18:17","guid":{"rendered":"https:\/\/sindesvdf.com.br\/news\/?p=17005"},"modified":"2024-04-08T11:18:17","modified_gmt":"2024-04-08T14:18:17","slug":"vigilantes-farao-seguranca-em-quarteis-de-bombeiros-do-df","status":"publish","type":"post","link":"https:\/\/sindesvdf.com.br\/news\/vigilantes-farao-seguranca-em-quarteis-de-bombeiros-do-df\/","title":{"rendered":"Vigilantes far\u00e3o seguran\u00e7a em quart\u00e9is de Bombeiros do DF"},"content":{"rendered":"<figure id=\"attachment_17006\" aria-describedby=\"caption-attachment-17006\" style=\"width: 700px\" class=\"wp-caption aligncenter\"><img loading=\"lazy\" decoding=\"async\" class=\"wp-image-17006 size-full\" src=\"https:\/\/sindesvdf.com.br\/news\/wp-content\/uploads\/2024\/04\/bombeiros.jpg\" alt=\"\" width=\"700\" height=\"400\" srcset=\"https:\/\/sindesvdf.com.br\/news\/wp-content\/uploads\/2024\/04\/bombeiros.jpg 700w, https:\/\/sindesvdf.com.br\/news\/wp-content\/uploads\/2024\/04\/bombeiros-300x171.jpg 300w\" sizes=\"auto, (max-width: 700px) 100vw, 700px\" \/><figcaption id=\"caption-attachment-17006\" class=\"wp-caption-text\">Os vigilantes ficar\u00e3o respons\u00e1veis pelo controle de entrada e sa\u00edda de ve\u00edculos, pessoas e pelo monitoramento do quartel.<\/figcaption><\/figure>\n<p><span style=\"font-size: 14pt;\">Desde o dia 1\u00ba de abril, todos os quart\u00e9is do Corpo de Bombeiros do DF passaram a ter vigilantes de empresas terceirizadas. Segundo a dire\u00e7\u00e3o da corpora\u00e7\u00e3o, a implementa\u00e7\u00e3o \u00e9 para minimizar um d\u00e9ficit de militares existentes.<\/span><\/p>\n<p><span style=\"font-size: 14pt;\">O trabalho de vigil\u00e2ncia terceirizada vai substituir o servi\u00e7o atualmente realizado pelos pr\u00f3prios bombeiros em todos os quart\u00e9is. Ser\u00e3o 88 postos de vigil\u00e2ncia que v\u00e3o empregar 176 vigilantes contratados pelas empresas Brasfort e Multserv atrav\u00e9s de termo aditivo junto ao GDF. O contrato foi firmado pela Secretaria de Economia no valor de dezoito milh\u00f5es de reais ao ano.<\/span><\/p>\n<p><span style=\"font-size: 14pt;\">As empresas terceirizadas v\u00e3o colocar os vigilantes dos quart\u00e9is onde os militares trabalham. As justificativas para a mudan\u00e7a foram expostas em um projeto elaborado pela corpora\u00e7\u00e3o em que \u00e9 apresentado que, atualmente, nos quart\u00e9is, o bombeiro do departamento de comunica\u00e7\u00f5es \u00e9 quem acumula fun\u00e7\u00e3o de controlador de entrada e sa\u00edda com a comunica\u00e7\u00e3o do socorro. Ainda segundo o projeto, com o contrato, o Corpo de Bombeiros pretende diminuir o d\u00e9ficit de 3.424 profissionais e empregar os bombeiros em outras atividades consideradas essenciais para a comunidade e cuidar do patrim\u00f4nio dos quart\u00e9is principalmente quando todo o efetivo que comp\u00f5e o trem de socorro \u00e9 deslocado para a ocorr\u00eancia.<\/span><\/p>\n<p><span style=\"font-size: 14pt;\">O projeto aponta que um militar adjunto, que ocupa a fun\u00e7\u00e3o de comandante da guarda, vai fiscalizar os servi\u00e7os de vigil\u00e2ncia terceirizada enquanto um outro bombeiro ocupar\u00e1 a fun\u00e7\u00e3o de auxiliar. J\u00e1 os vigilantes ficar\u00e3o respons\u00e1veis pelo controle de entrada e sa\u00edda de ve\u00edculos, pessoas e pelo monitoramento do quartel.<\/span><\/p>\n<p><span style=\"font-size: 14pt;\">Inicialmente a troca passar\u00e1 por uma fase de testes durante 60 dias. Depois desse per\u00edodo a corpora\u00e7\u00e3o deve elaborar um regulamento de servi\u00e7os gerais interno dos quart\u00e9is e avaliar se ser\u00e1 preciso fazer mudan\u00e7as no projeto. Segundo a comandante geral do Corpo de Bombeiros, M\u00f4nica de Mesquita, cerca de 1.500 militares est\u00e3o indo para a reserva, causando uma redu\u00e7\u00e3o no contingente de militares \u00e0 disposi\u00e7\u00e3o do Corpo de Bombeiros. Hoje, o d\u00e9ficit de militares na corpora\u00e7\u00e3o ultrapassa os tr\u00eas mil profissionais. Desta forma, a medida \u00e9 necess\u00e1ria para otimizar o trabalho do grupo de militares da corpora\u00e7\u00e3o.<\/span><\/p>\n<p><span style=\"font-size: 14pt;\">A dire\u00e7\u00e3o do Sindicato dos Vigilantes do DF apoia essa substitui\u00e7\u00e3o e comemora a abertura de novas frentes de trabalho, lembrando que a efici\u00eancia, o compromisso e o profissionalismo est\u00e3o levando os vigilantes a outros patamares.<\/span><\/p>\n<p class=\"wpf_wrapper\"><a class=\"print_link\" href=\"\" target=\"_blank\">Preparar para impress\u00e3o<\/a><\/p><!-- .wpf_wrapper -->","protected":false},"excerpt":{"rendered":"<p>Desde o dia 1\u00ba de abril, todos os quart\u00e9is do Corpo de Bombeiros do DF passaram a ter vigilantes de&hellip; <\/p>\n","protected":false},"author":4,"featured_media":17006,"comment_status":"closed","ping_status":"closed","sticky":false,"template":"","format":"standard","meta":{"footnotes":""},"categories":[115],"tags":[],"class_list":["post-17005","post","type-post","status-publish","format-standard","has-post-thumbnail","hentry","category-plantao-olho-vivo"],"jetpack_featured_media_url":"https:\/\/sindesvdf.com.br\/news\/wp-content\/uploads\/2024\/04\/bombeiros.jpg","_links":{"self":[{"href":"https:\/\/sindesvdf.com.br\/news\/wp-json\/wp\/v2\/posts\/17005","targetHints":{"allow":["GET"]}}],"collection":[{"href":"https:\/\/sindesvdf.com.br\/news\/wp-json\/wp\/v2\/posts"}],"about":[{"href":"https:\/\/sindesvdf.com.br\/news\/wp-json\/wp\/v2\/types\/post"}],"author":[{"embeddable":true,"href":"https:\/\/sindesvdf.com.br\/news\/wp-json\/wp\/v2\/users\/4"}],"replies":[{"embeddable":true,"href":"https:\/\/sindesvdf.com.br\/news\/wp-json\/wp\/v2\/comments?post=17005"}],"version-history":[{"count":2,"href":"https:\/\/sindesvdf.com.br\/news\/wp-json\/wp\/v2\/posts\/17005\/revisions"}],"predecessor-version":[{"id":17008,"href":"https:\/\/sindesvdf.com.br\/news\/wp-json\/wp\/v2\/posts\/17005\/revisions\/17008"}],"wp:featuredmedia":[{"embeddable":true,"href":"https:\/\/sindesvdf.com.br\/news\/wp-json\/wp\/v2\/media\/17006"}],"wp:attachment":[{"href":"https:\/\/sindesvdf.com.br\/news\/wp-json\/wp\/v2\/media?parent=17005"}],"wp:term":[{"taxonomy":"category","embeddable":true,"href":"https:\/\/sindesvdf.com.br\/news\/wp-json\/wp\/v2\/categories?post=17005"},{"taxonomy":"post_tag","embeddable":true,"href":"https:\/\/sindesvdf.com.br\/news\/wp-json\/wp\/v2\/tags?post=17005"}],"curies":[{"name":"wp","href":"https:\/\/api.w.org\/{rel}","templated":true}]}}