{"id":17011,"date":"2024-04-15T11:13:13","date_gmt":"2024-04-15T14:13:13","guid":{"rendered":"https:\/\/sindesvdf.com.br\/news\/?p=17011"},"modified":"2024-04-15T11:13:13","modified_gmt":"2024-04-15T14:13:13","slug":"vigilantes-da-ipanema-que-prestam-servico-na-secretaria-de-saude-e-greve-nesta-terca-16-4","status":"publish","type":"post","link":"https:\/\/sindesvdf.com.br\/news\/vigilantes-da-ipanema-que-prestam-servico-na-secretaria-de-saude-e-greve-nesta-terca-16-4\/","title":{"rendered":"Vigilantes da Ipanema que prestam servi\u00e7o na Secretaria de Sa\u00fade, \u00e9 greve nesta ter\u00e7a (16\/4)"},"content":{"rendered":"<p><img loading=\"lazy\" decoding=\"async\" class=\"aligncenter size-full wp-image-17012\" src=\"https:\/\/sindesvdf.com.br\/news\/wp-content\/uploads\/2024\/04\/greveipanema.jpg\" alt=\"\" width=\"700\" height=\"400\" srcset=\"https:\/\/sindesvdf.com.br\/news\/wp-content\/uploads\/2024\/04\/greveipanema.jpg 700w, https:\/\/sindesvdf.com.br\/news\/wp-content\/uploads\/2024\/04\/greveipanema-300x171.jpg 300w\" sizes=\"auto, (max-width: 700px) 100vw, 700px\" \/><\/p>\n<p><span style=\"font-size: 14pt;\">Todos os meses o Sindicato dos Vigilantes trava uma grande luta na Secretaria de Sa\u00fade\/GDF por causa da falta de pagamento por parte de algumas empresas, dentre elas a Ipanema.<\/span><\/p>\n<p><strong><span style=\"font-size: 14pt;\">NESTE M\u00caS, IPANEMA ADOTA UMA NOVA T\u00c1TICA PARA DESMOBILIZAR E EVITAR A GREVE<\/span><\/strong><\/p>\n<p><span style=\"font-size: 14pt;\">Neste m\u00eas de abril, a Ipanema resolveu pagar os sal\u00e1rios dos vigilantes de hospitais, deixando de fora, cl\u00ednicas e upas, dentre outras unidades de sa\u00fade com o claro objetivo de evitar uma greve. No caso dos vigilantes dos hospitais a empresa n\u00e3o pagou o t\u00edquete.<\/span><\/p>\n<p><strong><span style=\"font-size: 14pt;\">GELADEIRA VAZIA, FILHOS CHORANDO E VIGILANTES DESESPERADOS<\/span><\/strong><\/p>\n<p><span style=\"font-size: 14pt;\">Insens\u00edveis \u00e0 realidade do vigilante que precisa do seu sal\u00e1rio para levar comida para casa, a Ipanema, a Secretaria de Sa\u00fade e o GDF ignoram essa dura realidade e o governador Ibaneis passando a m\u00e3o na cabe\u00e7a da empresa, n\u00e3o toma qualquer atitude para resolver o problema.<\/span><\/p>\n<p><strong><span style=\"font-size: 14pt;\">J\u00c1 QUE \u00c9 ASSIM, ENT\u00c3O \u00c9 GREVE.<\/span><\/strong><\/p>\n<p><span style=\"font-size: 14pt;\">Diante de tanta omiss\u00e3o, n\u00e3o resta alternativa a n\u00e3o ser a greve e s\u00f3 voltar ao trabalho com o pagamento no bolso.<\/span><\/p>\n<p><strong><span style=\"font-size: 14pt;\">SINDESV-DF ENCAMINHOU OF\u00cdCIO \u00c0 SECRETARIA DE SA\u00daDE E IPANEMA COMUNICANDO DA PARALISA\u00c7\u00c3O<\/span><\/strong><\/p>\n<p><span style=\"font-size: 14pt;\">O Sindicato dos Vigilantes, depois de in\u00fameras tentativas e cobran\u00e7as, definiu pela \u00fanica linguagem que os caloteiros conhecem, a paralisa\u00e7\u00e3o das atividades para defender os direitos dos vigilantes.<\/span><\/p>\n<p><strong><span style=\"font-size: 14pt;\">QUEM DEVE PARTICIPAR DA GREVE DIA 16\/04\/2024 \u2013 TER\u00c7A-FEIRA, A PARTIR DAS 07H DA MANH\u00c3<\/span><\/strong><\/p>\n<p><span style=\"font-size: 14pt;\">-VIGILANTES QUE RECEBERAM O PAGAMENTO E N\u00c3O RECEBERAM O T\u00cdQUETE<\/span><\/p>\n<p><span style=\"font-size: 14pt;\">-VIGILANTES QUE N\u00c3O RECEBERAM O SAL\u00c1RIO E NEM O T\u00cdQUETE<\/span><\/p>\n<p><span style=\"font-size: 14pt;\">-VIGILANTES QUE VOLTARAM DE F\u00c9RIAS E NADA RECEBERAM<\/span><\/p>\n<p><span style=\"font-size: 14pt;\">-VIGILANTES QUE EST\u00c3O ENTRANDO DE F\u00c9RIAS E CERTAMENTE NADA RECEBER\u00c3O\u00a0<\/span><\/p>\n<p>&nbsp;<\/p>\n<p><strong><span style=\"font-size: 14pt;\">CONCENTRA\u00c7\u00c3O<\/span><\/strong><\/p>\n<p><span style=\"font-size: 14pt;\">Em frente ao hospital da sua cidade com a presen\u00e7a de diretores do Sindicato dos Vigilantes do DF para dar todo o suporte \u00e0 paralisa\u00e7\u00e3o.\u00a0<\/span><\/p>\n<p>&nbsp;<\/p>\n<p class=\"wpf_wrapper\"><a class=\"print_link\" href=\"\" target=\"_blank\">Preparar para impress\u00e3o<\/a><\/p><!-- .wpf_wrapper -->","protected":false},"excerpt":{"rendered":"<p>Todos os meses o Sindicato dos Vigilantes trava uma grande luta na Secretaria de Sa\u00fade\/GDF por causa da falta de&hellip; <\/p>\n","protected":false},"author":4,"featured_media":17012,"comment_status":"closed","ping_status":"closed","sticky":false,"template":"","format":"standard","meta":{"footnotes":""},"categories":[101,115],"tags":[],"class_list":["post-17011","post","type-post","status-publish","format-standard","has-post-thumbnail","hentry","category-olho-vivo","category-plantao-olho-vivo"],"jetpack_featured_media_url":"https:\/\/sindesvdf.com.br\/news\/wp-content\/uploads\/2024\/04\/greveipanema.jpg","_links":{"self":[{"href":"https:\/\/sindesvdf.com.br\/news\/wp-json\/wp\/v2\/posts\/17011","targetHints":{"allow":["GET"]}}],"collection":[{"href":"https:\/\/sindesvdf.com.br\/news\/wp-json\/wp\/v2\/posts"}],"about":[{"href":"https:\/\/sindesvdf.com.br\/news\/wp-json\/wp\/v2\/types\/post"}],"author":[{"embeddable":true,"href":"https:\/\/sindesvdf.com.br\/news\/wp-json\/wp\/v2\/users\/4"}],"replies":[{"embeddable":true,"href":"https:\/\/sindesvdf.com.br\/news\/wp-json\/wp\/v2\/comments?post=17011"}],"version-history":[{"count":3,"href":"https:\/\/sindesvdf.com.br\/news\/wp-json\/wp\/v2\/posts\/17011\/revisions"}],"predecessor-version":[{"id":17015,"href":"https:\/\/sindesvdf.com.br\/news\/wp-json\/wp\/v2\/posts\/17011\/revisions\/17015"}],"wp:featuredmedia":[{"embeddable":true,"href":"https:\/\/sindesvdf.com.br\/news\/wp-json\/wp\/v2\/media\/17012"}],"wp:attachment":[{"href":"https:\/\/sindesvdf.com.br\/news\/wp-json\/wp\/v2\/media?parent=17011"}],"wp:term":[{"taxonomy":"category","embeddable":true,"href":"https:\/\/sindesvdf.com.br\/news\/wp-json\/wp\/v2\/categories?post=17011"},{"taxonomy":"post_tag","embeddable":true,"href":"https:\/\/sindesvdf.com.br\/news\/wp-json\/wp\/v2\/tags?post=17011"}],"curies":[{"name":"wp","href":"https:\/\/api.w.org\/{rel}","templated":true}]}}