{"id":17017,"date":"2024-04-23T11:24:37","date_gmt":"2024-04-23T14:24:37","guid":{"rendered":"https:\/\/sindesvdf.com.br\/news\/?p=17017"},"modified":"2024-04-23T11:24:37","modified_gmt":"2024-04-23T14:24:37","slug":"sindesv-df-tem-alertado-o-caos-na-saude-o-vigilante-e-o-primeiro-alvo-de-pacientes-e-familiares-enfurecidos","status":"publish","type":"post","link":"https:\/\/sindesvdf.com.br\/news\/sindesv-df-tem-alertado-o-caos-na-saude-o-vigilante-e-o-primeiro-alvo-de-pacientes-e-familiares-enfurecidos\/","title":{"rendered":"Sindesv-DF tem alertado o caos na sa\u00fade, o vigilante \u00e9 o primeiro alvo de pacientes e familiares enfurecidos."},"content":{"rendered":"<p><img loading=\"lazy\" decoding=\"async\" class=\"aligncenter size-full wp-image-17018\" src=\"https:\/\/sindesvdf.com.br\/news\/wp-content\/uploads\/2024\/04\/upa.jpg\" alt=\"\" width=\"700\" height=\"400\" srcset=\"https:\/\/sindesvdf.com.br\/news\/wp-content\/uploads\/2024\/04\/upa.jpg 700w, https:\/\/sindesvdf.com.br\/news\/wp-content\/uploads\/2024\/04\/upa-300x171.jpg 300w\" sizes=\"auto, (max-width: 700px) 100vw, 700px\" \/><\/p>\n<p><span style=\"font-size: 14pt;\">Verba para fazer show milion\u00e1rio, o GDF tem. Amenizar o caos na Sa\u00fade e o sofrimento de pacientes n\u00e3o tem verba, ou \u00e9 descaso mesmo e indiferen\u00e7a \u00e0s necessidades da popula\u00e7\u00e3o.<\/span><\/p>\n<p><span style=\"font-size: 14pt;\">Fato \u00e9 que os vigilantes est\u00e3o entre os primeiros alvos desses pacientes e seus familiares em momentos de f\u00faria pela falta de atendimento. Repudiamos veementemente a depreda\u00e7\u00e3o que ocorreu na UPA do Recanto das Emas, por volta das 21 horas na noite de segunda-feira, (22\/04), e o vigilante de plant\u00e3o foi violentamente agredido e teve que fazer exame de corpo e delito no IML.<\/span><\/p>\n<p><span style=\"font-size: 14pt;\">O Sindicato dos Vigilantes do DF est\u00e1 dando todo o apoio ao vigilante, mas, a situa\u00e7\u00e3o s\u00f3 se resolver\u00e1 com mais vigilantes nos postos de servi\u00e7o e, o fundamental, melhorar o atendimento \u00e0 popula\u00e7\u00e3o que j\u00e1 n\u00e3o aguenta mais tanta omiss\u00e3o e desprezo \u00e0s suas necessidades por parte do governo do Distrito Federal.<\/span><\/p>\n<p><span style=\"font-size: 14pt;\">H\u00e1 anos estamos enfrentando essa situa\u00e7\u00e3o ca\u00f3tica, sendo obrigados a fazer paralisa\u00e7\u00f5es quase que mensalmente para garantir o pagamento dos sal\u00e1rios dos vigilantes que prestam servi\u00e7o na Secretaria de Sa\u00fade do DF.<\/span><\/p>\n<p class=\"wpf_wrapper\"><a class=\"print_link\" href=\"\" target=\"_blank\">Preparar para impress\u00e3o<\/a><\/p><!-- .wpf_wrapper -->","protected":false},"excerpt":{"rendered":"<p>Verba para fazer show milion\u00e1rio, o GDF tem. Amenizar o caos na Sa\u00fade e o sofrimento de pacientes n\u00e3o tem&hellip; <\/p>\n","protected":false},"author":4,"featured_media":17018,"comment_status":"closed","ping_status":"closed","sticky":false,"template":"","format":"standard","meta":{"footnotes":""},"categories":[115],"tags":[],"class_list":["post-17017","post","type-post","status-publish","format-standard","has-post-thumbnail","hentry","category-plantao-olho-vivo"],"jetpack_featured_media_url":"https:\/\/sindesvdf.com.br\/news\/wp-content\/uploads\/2024\/04\/upa.jpg","_links":{"self":[{"href":"https:\/\/sindesvdf.com.br\/news\/wp-json\/wp\/v2\/posts\/17017","targetHints":{"allow":["GET"]}}],"collection":[{"href":"https:\/\/sindesvdf.com.br\/news\/wp-json\/wp\/v2\/posts"}],"about":[{"href":"https:\/\/sindesvdf.com.br\/news\/wp-json\/wp\/v2\/types\/post"}],"author":[{"embeddable":true,"href":"https:\/\/sindesvdf.com.br\/news\/wp-json\/wp\/v2\/users\/4"}],"replies":[{"embeddable":true,"href":"https:\/\/sindesvdf.com.br\/news\/wp-json\/wp\/v2\/comments?post=17017"}],"version-history":[{"count":1,"href":"https:\/\/sindesvdf.com.br\/news\/wp-json\/wp\/v2\/posts\/17017\/revisions"}],"predecessor-version":[{"id":17019,"href":"https:\/\/sindesvdf.com.br\/news\/wp-json\/wp\/v2\/posts\/17017\/revisions\/17019"}],"wp:featuredmedia":[{"embeddable":true,"href":"https:\/\/sindesvdf.com.br\/news\/wp-json\/wp\/v2\/media\/17018"}],"wp:attachment":[{"href":"https:\/\/sindesvdf.com.br\/news\/wp-json\/wp\/v2\/media?parent=17017"}],"wp:term":[{"taxonomy":"category","embeddable":true,"href":"https:\/\/sindesvdf.com.br\/news\/wp-json\/wp\/v2\/categories?post=17017"},{"taxonomy":"post_tag","embeddable":true,"href":"https:\/\/sindesvdf.com.br\/news\/wp-json\/wp\/v2\/tags?post=17017"}],"curies":[{"name":"wp","href":"https:\/\/api.w.org\/{rel}","templated":true}]}}