{"id":17025,"date":"2024-04-26T16:50:45","date_gmt":"2024-04-26T19:50:45","guid":{"rendered":"https:\/\/sindesvdf.com.br\/news\/?p=17025"},"modified":"2024-04-26T16:51:54","modified_gmt":"2024-04-26T19:51:54","slug":"vai-ter-festa-no-1o-de-maio-venha-comemorar-e-se-divertir-com-a-sua-familia","status":"publish","type":"post","link":"https:\/\/sindesvdf.com.br\/news\/vai-ter-festa-no-1o-de-maio-venha-comemorar-e-se-divertir-com-a-sua-familia\/","title":{"rendered":"Vai ter festa no 1\u00ba de maio. Venha comemorar e se divertir com a sua fam\u00edlia!"},"content":{"rendered":"<p><img loading=\"lazy\" decoding=\"async\" class=\"aligncenter size-full wp-image-17026\" src=\"https:\/\/sindesvdf.com.br\/news\/wp-content\/uploads\/2024\/04\/1demaio24.jpg\" alt=\"\" width=\"700\" height=\"400\" srcset=\"https:\/\/sindesvdf.com.br\/news\/wp-content\/uploads\/2024\/04\/1demaio24.jpg 700w, https:\/\/sindesvdf.com.br\/news\/wp-content\/uploads\/2024\/04\/1demaio24-300x171.jpg 300w\" sizes=\"auto, (max-width: 700px) 100vw, 700px\" \/><\/p>\n<p><span style=\"font-size: 14pt;\">Comemorar o Primeiro de Maio com uma grande festa \u00e9 para lembrar o quanto a luta \u00e9 importante e necess\u00e1ria para o avan\u00e7o das reivindica\u00e7\u00f5es dos vigilantes e demais trabalhadores. N\u00f3s vigilantes, cuja atividade come\u00e7ou na d\u00e9cada de 70, com empresas majoritariamente de militares onde a \u00fanica coisa que interessava era o lucro, sofremos duramente as p\u00e9ssimas condi\u00e7\u00f5es de trabalho, o sal\u00e1rio m\u00ednimo e a explora\u00e7\u00e3o.<\/span><\/p>\n<p><span style=\"font-size: 14pt;\">A partir de 1979, data da nossa primeira greve, conquistamos muito e queremos conquistar ainda mais, para isso, a luta \u00e9 a \u00fanica certeza de que avan\u00e7aremos em nossas reivindica\u00e7\u00f5es. E para avan\u00e7ar ainda mais, \u00e9 preciso que em nossa jornada de luta, voc\u00ea esteja junto com seus colegas para ficarmos fortes, unidos, mobilizados e vitoriosos.<\/span><\/p>\n<p><span style=\"font-size: 14pt;\">Venha comemorar e se divertir com a fam\u00edlia.<\/p>\n<p><img loading=\"lazy\" decoding=\"async\" class=\"aligncenter wp-image-17028 size-large\" src=\"https:\/\/sindesvdf.com.br\/news\/wp-content\/uploads\/2024\/04\/Mapa-Area-1024x576.png\" alt=\"\" width=\"1024\" height=\"576\" srcset=\"https:\/\/sindesvdf.com.br\/news\/wp-content\/uploads\/2024\/04\/Mapa-Area-1024x576.png 1024w, https:\/\/sindesvdf.com.br\/news\/wp-content\/uploads\/2024\/04\/Mapa-Area-300x169.png 300w, https:\/\/sindesvdf.com.br\/news\/wp-content\/uploads\/2024\/04\/Mapa-Area-768x432.png 768w, https:\/\/sindesvdf.com.br\/news\/wp-content\/uploads\/2024\/04\/Mapa-Area-1536x864.png 1536w, https:\/\/sindesvdf.com.br\/news\/wp-content\/uploads\/2024\/04\/Mapa-Area.png 1920w\" sizes=\"auto, (max-width: 1024px) 100vw, 1024px\" \/><br \/>\n<\/span><\/p>\n<p class=\"wpf_wrapper\"><a class=\"print_link\" href=\"\" target=\"_blank\">Preparar para impress\u00e3o<\/a><\/p><!-- .wpf_wrapper -->","protected":false},"excerpt":{"rendered":"<p>Comemorar o Primeiro de Maio com uma grande festa \u00e9 para lembrar o quanto a luta \u00e9 importante e necess\u00e1ria&hellip; <\/p>\n","protected":false},"author":4,"featured_media":17026,"comment_status":"closed","ping_status":"closed","sticky":false,"template":"","format":"standard","meta":{"footnotes":""},"categories":[115],"tags":[],"class_list":["post-17025","post","type-post","status-publish","format-standard","has-post-thumbnail","hentry","category-plantao-olho-vivo"],"jetpack_featured_media_url":"https:\/\/sindesvdf.com.br\/news\/wp-content\/uploads\/2024\/04\/1demaio24.jpg","_links":{"self":[{"href":"https:\/\/sindesvdf.com.br\/news\/wp-json\/wp\/v2\/posts\/17025","targetHints":{"allow":["GET"]}}],"collection":[{"href":"https:\/\/sindesvdf.com.br\/news\/wp-json\/wp\/v2\/posts"}],"about":[{"href":"https:\/\/sindesvdf.com.br\/news\/wp-json\/wp\/v2\/types\/post"}],"author":[{"embeddable":true,"href":"https:\/\/sindesvdf.com.br\/news\/wp-json\/wp\/v2\/users\/4"}],"replies":[{"embeddable":true,"href":"https:\/\/sindesvdf.com.br\/news\/wp-json\/wp\/v2\/comments?post=17025"}],"version-history":[{"count":3,"href":"https:\/\/sindesvdf.com.br\/news\/wp-json\/wp\/v2\/posts\/17025\/revisions"}],"predecessor-version":[{"id":17030,"href":"https:\/\/sindesvdf.com.br\/news\/wp-json\/wp\/v2\/posts\/17025\/revisions\/17030"}],"wp:featuredmedia":[{"embeddable":true,"href":"https:\/\/sindesvdf.com.br\/news\/wp-json\/wp\/v2\/media\/17026"}],"wp:attachment":[{"href":"https:\/\/sindesvdf.com.br\/news\/wp-json\/wp\/v2\/media?parent=17025"}],"wp:term":[{"taxonomy":"category","embeddable":true,"href":"https:\/\/sindesvdf.com.br\/news\/wp-json\/wp\/v2\/categories?post=17025"},{"taxonomy":"post_tag","embeddable":true,"href":"https:\/\/sindesvdf.com.br\/news\/wp-json\/wp\/v2\/tags?post=17025"}],"curies":[{"name":"wp","href":"https:\/\/api.w.org\/{rel}","templated":true}]}}