{"id":17077,"date":"2024-06-07T11:48:04","date_gmt":"2024-06-07T14:48:04","guid":{"rendered":"https:\/\/sindesvdf.com.br\/news\/?p=17077"},"modified":"2024-06-07T11:53:04","modified_gmt":"2024-06-07T14:53:04","slug":"cct-2024-homologada-no-mte","status":"publish","type":"post","link":"https:\/\/sindesvdf.com.br\/news\/cct-2024-homologada-no-mte\/","title":{"rendered":"CCT 2024 homologada no MTE"},"content":{"rendered":"<p><img loading=\"lazy\" decoding=\"async\" class=\"aligncenter size-full wp-image-17078\" src=\"https:\/\/sindesvdf.com.br\/news\/wp-content\/uploads\/2024\/06\/CCT-ASSINADA.png\" alt=\"\" width=\"700\" height=\"400\" srcset=\"https:\/\/sindesvdf.com.br\/news\/wp-content\/uploads\/2024\/06\/CCT-ASSINADA.png 700w, https:\/\/sindesvdf.com.br\/news\/wp-content\/uploads\/2024\/06\/CCT-ASSINADA-300x171.png 300w\" sizes=\"auto, (max-width: 700px) 100vw, 700px\" \/><\/p>\n<p><span style=\"font-size: 14pt;\">Na tarde desta quinta-feira, 06\/06\/2024, a Conven\u00e7\u00e3o Coletiva de Trabalho 2024 foi homologada no<strong> MTE<\/strong> &#8211; Minist\u00e9rio do Trabalho e Emprego, \u00faltima etapa de uma Campanha Salarial extremamente dif\u00edcil com propostas de retrocesso por parte do patronal que teriam reflexos financeiros e sociais negativos para os vigilantes.<\/span><\/p>\n<p><span style=\"font-size: 14pt;\">Foram meses de negocia\u00e7\u00f5es que tiveram in\u00edcio ainda em 2023. A dire\u00e7\u00e3o do Sindesv-DF se manteve firme e disse N\u00c3O nas diversas rodadas de negocia\u00e7\u00e3o at\u00e9 que surgisse uma proposta que ao menos apontasse ganho real de sal\u00e1rio.<\/span><\/p>\n<p><span style=\"font-size: 14pt;\">Aos haters do WhatsApp e alguns poucos vigilantes que tentam desqualificar a nossa vit\u00f3ria, convidamos para participar da pr\u00f3xima Campanha Salarial, comparecer \u00e0s assembleias e lembrar que juntos somos mais fortes. A vit\u00f3ria foi do tamanho da mobiliza\u00e7\u00e3o e disposi\u00e7\u00e3o de luta da categoria.<\/span><\/p>\n<p><span style=\"font-size: 14pt;\">Sim, temos bravos e bravas guerreiros que compareceram em todas as assembleias e compreenderam que est\u00e1 vit\u00f3ria foi muito importante. Tanto que foi aprovada com apenas duas absten\u00e7\u00f5es.<\/span><\/p>\n<p><span style=\"font-size: 14pt;\"><em>Veja como ficou a tabela salarial 2024<\/em> &gt;&gt;<span style=\"font-size: 12pt;\"><a href=\"https:\/\/sindesvdf.com.br\/news\/tabelas-salariais\/\">https:\/\/sindesvdf.com.br\/news\/tabelas-salariais\/<\/a><\/span><\/span><\/p>\n<p><strong><span style=\"font-size: 14pt;\">O REAJUSTE SER\u00c1 APLICADO NO SAL\u00c1RIO DE JULHO PARA SER PAGO NO 5\u00ba DIA \u00daTIL DE AGOSTO<\/span><\/strong><\/p>\n<p><strong><span style=\"font-size: 14pt;\">COMO SER\u00c1 O PAGAMENTO DO RETROATIVO?<br \/>\n<\/span><\/strong><br \/>\n<span style=\"font-size: 14pt;\">O retroativo do sal\u00e1rio e do t\u00edquete ser\u00e1 pago da seguinte forma:<br \/>\n<\/span><span style=\"font-size: 14pt;\"><strong>Janeiro e fevereiro<\/strong> \u2013 ser\u00e1 pago no m\u00eas de setembro\/2024<\/span><br \/>\n<span style=\"font-size: 14pt;\"><strong>Mar\u00e7o e abril<\/strong> \u2013 ser\u00e1 pago no m\u00eas de outubro\/2024<\/span><br \/>\n<span style=\"font-size: 14pt;\"><strong>Maio e Junho<\/strong> \u2013 ser\u00e1 pago no m\u00eas de novembro\/2024<\/span><\/p>\n<p class=\"wpf_wrapper\"><a class=\"print_link\" href=\"\" target=\"_blank\">Preparar para impress\u00e3o<\/a><\/p><!-- .wpf_wrapper -->","protected":false},"excerpt":{"rendered":"<p>Na tarde desta quinta-feira, 06\/06\/2024, a Conven\u00e7\u00e3o Coletiva de Trabalho 2024 foi homologada no MTE &#8211; Minist\u00e9rio do Trabalho e&hellip; <\/p>\n","protected":false},"author":4,"featured_media":17078,"comment_status":"closed","ping_status":"closed","sticky":false,"template":"","format":"standard","meta":{"footnotes":""},"categories":[101],"tags":[],"class_list":["post-17077","post","type-post","status-publish","format-standard","has-post-thumbnail","hentry","category-olho-vivo"],"jetpack_featured_media_url":"https:\/\/sindesvdf.com.br\/news\/wp-content\/uploads\/2024\/06\/CCT-ASSINADA.png","_links":{"self":[{"href":"https:\/\/sindesvdf.com.br\/news\/wp-json\/wp\/v2\/posts\/17077","targetHints":{"allow":["GET"]}}],"collection":[{"href":"https:\/\/sindesvdf.com.br\/news\/wp-json\/wp\/v2\/posts"}],"about":[{"href":"https:\/\/sindesvdf.com.br\/news\/wp-json\/wp\/v2\/types\/post"}],"author":[{"embeddable":true,"href":"https:\/\/sindesvdf.com.br\/news\/wp-json\/wp\/v2\/users\/4"}],"replies":[{"embeddable":true,"href":"https:\/\/sindesvdf.com.br\/news\/wp-json\/wp\/v2\/comments?post=17077"}],"version-history":[{"count":10,"href":"https:\/\/sindesvdf.com.br\/news\/wp-json\/wp\/v2\/posts\/17077\/revisions"}],"predecessor-version":[{"id":17087,"href":"https:\/\/sindesvdf.com.br\/news\/wp-json\/wp\/v2\/posts\/17077\/revisions\/17087"}],"wp:featuredmedia":[{"embeddable":true,"href":"https:\/\/sindesvdf.com.br\/news\/wp-json\/wp\/v2\/media\/17078"}],"wp:attachment":[{"href":"https:\/\/sindesvdf.com.br\/news\/wp-json\/wp\/v2\/media?parent=17077"}],"wp:term":[{"taxonomy":"category","embeddable":true,"href":"https:\/\/sindesvdf.com.br\/news\/wp-json\/wp\/v2\/categories?post=17077"},{"taxonomy":"post_tag","embeddable":true,"href":"https:\/\/sindesvdf.com.br\/news\/wp-json\/wp\/v2\/tags?post=17077"}],"curies":[{"name":"wp","href":"https:\/\/api.w.org\/{rel}","templated":true}]}}