{"id":17091,"date":"2024-06-10T13:55:03","date_gmt":"2024-06-10T16:55:03","guid":{"rendered":"https:\/\/sindesvdf.com.br\/news\/?p=17091"},"modified":"2024-06-10T14:28:43","modified_gmt":"2024-06-10T17:28:43","slug":"vigilantes-da-ipanema-que-prestam-servico-nas-ubs-vao-paralisar-atividades-se-o-pagamento-nao-sair","status":"publish","type":"post","link":"https:\/\/sindesvdf.com.br\/news\/vigilantes-da-ipanema-que-prestam-servico-nas-ubs-vao-paralisar-atividades-se-o-pagamento-nao-sair\/","title":{"rendered":"Vigilantes da Ipanema que prestam servi\u00e7o nas UBS v\u00e3o paralisar atividades se o pagamento n\u00e3o sair."},"content":{"rendered":"<p><img loading=\"lazy\" decoding=\"async\" class=\"aligncenter size-full wp-image-17092\" src=\"https:\/\/sindesvdf.com.br\/news\/wp-content\/uploads\/2024\/06\/ubs-ipanema.jpg\" alt=\"\" width=\"700\" height=\"400\" srcset=\"https:\/\/sindesvdf.com.br\/news\/wp-content\/uploads\/2024\/06\/ubs-ipanema.jpg 700w, https:\/\/sindesvdf.com.br\/news\/wp-content\/uploads\/2024\/06\/ubs-ipanema-300x171.jpg 300w\" sizes=\"auto, (max-width: 700px) 100vw, 700px\" \/><\/p>\n<p><span style=\"font-size: 14pt;\">A Ipanema est\u00e1 passando de todos os limites. Desta vez, a empresa pagou o sal\u00e1rio e o t\u00edquete dos vigilantes de hospitais e deixou sem pagamento do sal\u00e1rio e do t\u00edquete os vigilantes que prestam servi\u00e7o nas UBS e demais unidades de Sa\u00fade do DF.<\/span><\/p>\n<p><span style=\"font-size: 14pt;\">S\u00e3o pais e m\u00e3es de fam\u00edlia sem condi\u00e7\u00f5es de honrar seus compromissos e alimentar a fam\u00edlia. A Empresa est\u00e1 usando de artif\u00edcios para impedir a rea\u00e7\u00e3o dos vigilantes e desgastar o movimento. No entanto, a indigna\u00e7\u00e3o da categoria tem o mesmo tamanho, n\u00e3o importam as circunst\u00e2ncias e vamos sim, paralisar as atividades se o pagamento n\u00e3o sair e a Empresa vai, mais uma vez, parar no notici\u00e1rio, assim como o GDF, por serem omissos e desrespeitosos ao sofrimento dos trabalhadores.<\/span><\/p>\n<p><span style=\"font-size: 14pt;\">SE O PAGAMENTO DO SAL\u00c1RIO E DO T\u00cdQUETE N\u00c3O SAIR HOJE, <strong>10\/06\/2024<\/strong><\/span><\/p>\n<p><span style=\"font-size: 14pt;\">PARALISA\u00c7\u00c3O TER\u00c7A,<strong> 11\/06\/2024<\/strong>, A PARTIR DAS 07H DA MANH\u00c3<\/span><\/p>\n<p><span style=\"font-size: 14pt;\">CONCENTRA\u00c7\u00c3O: EM FRENTE AO HOSPITAL REGIONAL DA SUA CIDADE<\/span><\/p>\n<p><span style=\"font-size: 14pt;\">HAVER\u00c1 DIRETORES DO SINDICATO DOS VIGILANTES NO LOCAL PARA AJUDAR NA LOG\u00cdSTICA DO MOVIMENTO.<\/span><\/p>\n<p><span style=\"font-size: 14pt;\">CONVOCAMOS TAMB\u00c9M PARA PARALISAR, OS VIGILANTES QUE FAZEM COBERTURA DE F\u00c9RIAS NAS UPAS PELA EMPRESA IPANEMA<\/span><\/p>\n<p>&nbsp;<\/p>\n<p class=\"wpf_wrapper\"><a class=\"print_link\" href=\"\" target=\"_blank\">Preparar para impress\u00e3o<\/a><\/p><!-- .wpf_wrapper -->","protected":false},"excerpt":{"rendered":"<p>A Ipanema est\u00e1 passando de todos os limites. Desta vez, a empresa pagou o sal\u00e1rio e o t\u00edquete dos vigilantes&hellip; <\/p>\n","protected":false},"author":4,"featured_media":17092,"comment_status":"closed","ping_status":"closed","sticky":false,"template":"","format":"standard","meta":{"footnotes":""},"categories":[115],"tags":[],"class_list":["post-17091","post","type-post","status-publish","format-standard","has-post-thumbnail","hentry","category-plantao-olho-vivo"],"jetpack_featured_media_url":"https:\/\/sindesvdf.com.br\/news\/wp-content\/uploads\/2024\/06\/ubs-ipanema.jpg","_links":{"self":[{"href":"https:\/\/sindesvdf.com.br\/news\/wp-json\/wp\/v2\/posts\/17091","targetHints":{"allow":["GET"]}}],"collection":[{"href":"https:\/\/sindesvdf.com.br\/news\/wp-json\/wp\/v2\/posts"}],"about":[{"href":"https:\/\/sindesvdf.com.br\/news\/wp-json\/wp\/v2\/types\/post"}],"author":[{"embeddable":true,"href":"https:\/\/sindesvdf.com.br\/news\/wp-json\/wp\/v2\/users\/4"}],"replies":[{"embeddable":true,"href":"https:\/\/sindesvdf.com.br\/news\/wp-json\/wp\/v2\/comments?post=17091"}],"version-history":[{"count":2,"href":"https:\/\/sindesvdf.com.br\/news\/wp-json\/wp\/v2\/posts\/17091\/revisions"}],"predecessor-version":[{"id":17094,"href":"https:\/\/sindesvdf.com.br\/news\/wp-json\/wp\/v2\/posts\/17091\/revisions\/17094"}],"wp:featuredmedia":[{"embeddable":true,"href":"https:\/\/sindesvdf.com.br\/news\/wp-json\/wp\/v2\/media\/17092"}],"wp:attachment":[{"href":"https:\/\/sindesvdf.com.br\/news\/wp-json\/wp\/v2\/media?parent=17091"}],"wp:term":[{"taxonomy":"category","embeddable":true,"href":"https:\/\/sindesvdf.com.br\/news\/wp-json\/wp\/v2\/categories?post=17091"},{"taxonomy":"post_tag","embeddable":true,"href":"https:\/\/sindesvdf.com.br\/news\/wp-json\/wp\/v2\/tags?post=17091"}],"curies":[{"name":"wp","href":"https:\/\/api.w.org\/{rel}","templated":true}]}}