{"id":17174,"date":"2024-08-12T13:51:05","date_gmt":"2024-08-12T16:51:05","guid":{"rendered":"https:\/\/sindesvdf.com.br\/news\/?p=17174"},"modified":"2024-08-12T13:51:05","modified_gmt":"2024-08-12T16:51:05","slug":"agosto-lilas-ministerio-das-mulheres-lanca-campanha-pelo-feminicidio-zero","status":"publish","type":"post","link":"https:\/\/sindesvdf.com.br\/news\/agosto-lilas-ministerio-das-mulheres-lanca-campanha-pelo-feminicidio-zero\/","title":{"rendered":"Agosto Lil\u00e1s: Minist\u00e9rio das Mulheres lan\u00e7a campanha pelo Feminic\u00eddio Zero"},"content":{"rendered":"<p><img loading=\"lazy\" decoding=\"async\" class=\"aligncenter size-full wp-image-17175\" src=\"https:\/\/sindesvdf.com.br\/news\/wp-content\/uploads\/2024\/08\/agostolilas.jpg\" alt=\"\" width=\"700\" height=\"400\" srcset=\"https:\/\/sindesvdf.com.br\/news\/wp-content\/uploads\/2024\/08\/agostolilas.jpg 700w, https:\/\/sindesvdf.com.br\/news\/wp-content\/uploads\/2024\/08\/agostolilas-300x171.jpg 300w\" sizes=\"auto, (max-width: 700px) 100vw, 700px\" \/><\/p>\n<p><span style=\"font-size: 14pt;\">Perceber uma situa\u00e7\u00e3o de viol\u00eancia contra a mulher, enfrent\u00e1-la e interromp\u00ea-la para que n\u00e3o chegue a um feminic\u00eddio, ato de viol\u00eancia extrema baseada em g\u00eanero. Essa \u00e9 a mensagem principal da campanha \u201cFeminic\u00eddio Zero &#8211; Nenhuma viol\u00eancia contra a mulher deve ser tolerada\u201d, lan\u00e7ada neste 7 de agosto pelo Minist\u00e9rio das Mulheres.<\/span><\/p>\n<p dir=\"ltr\"><span style=\"font-size: 14pt;\">A data marca o anivers\u00e1rio de 18 anos da Lei Maria da Penha, no m\u00eas dedicado \u00e0 conscientiza\u00e7\u00e3o para o fim da viol\u00eancia contra a mulher, o \u201cAgosto Lil\u00e1s\u201d. Na noite desta quarta-feira, uma proje\u00e7\u00e3o no Congresso Nacional traz frases da campanha e divulga o Ligue 180 &#8211; Central de Atendimento \u00e0 Mulher &#8211; como canal para busca de ajuda, informa\u00e7\u00f5es e tamb\u00e9m registro de den\u00fancias.<\/span><\/p>\n<p dir=\"ltr\"><span style=\"font-size: 14pt;\">As pe\u00e7as envolvem materiais digitais para redes sociais, um filme de 30 segundos e tr\u00eas filmes de 15 segundos, al\u00e9m de materiais gr\u00e1ficos como adesivo, folder e cartaz.\u00a0Uma mobiliza\u00e7\u00e3o digital envolver\u00e1 influenciadores como atrizes, atletas, ministros e parlamentares publicando v\u00eddeos nas redes sociais sobre o tema da viol\u00eancia contra a mulher e em apoio ao #FeminicidioZero.\u00a0Demais minist\u00e9rios do governo federal e \u00f3rg\u00e3os p\u00fablicos tamb\u00e9m ir\u00e3o aderir \u00e0 campanha com a\u00e7\u00f5es em seus perfis nas redes sociais.<\/span><\/p>\n<p dir=\"ltr\"><span style=\"font-size: 14pt;\">O filme traz tr\u00eas diferentes situa\u00e7\u00f5es de viol\u00eancia contra mulheres e passa a mensagem de que ela pode come\u00e7ar silenciosa e quando as pessoas se manifestam, acolhem as mulheres, buscam informa\u00e7\u00f5es ou fazem uma den\u00fancia, mesmo quando a viol\u00eancia n\u00e3o \u00e9 f\u00edsica, podem evitar um feminic\u00eddio.<\/span><\/p>\n<p class=\"callout\" dir=\"ltr\"><span style=\"font-size: 14pt;\"><strong>ARTICULA\u00c7\u00c3O NACIONAL<\/strong>\u00a0&#8211;\u00a0\u00a0A campanha faz parte de uma mobiliza\u00e7\u00e3o nacional permanente do Minist\u00e9rio das Mulheres, envolvendo diversos setores no compromisso de p\u00f4r fim \u00e0 viol\u00eancia contra as mulheres, em especial aos feminic\u00eddios, a partir de diversas frentes de atua\u00e7\u00e3o (comunica\u00e7\u00e3o ampla e popular, implementa\u00e7\u00e3o de pol\u00edticas p\u00fablicas, engajamento de atores diversos).\u00a0Um evento no m\u00eas de agosto em Bras\u00edlia marcar\u00e1 a assinatura de um Manifesto pelo Feminic\u00eddio Zero, em que cada parceiro(a) se compromete a atuar de acordo com suas possibilidades de recursos, estrutura e p\u00fablico-alvo.<\/span><\/p>\n<p class=\"callout\" dir=\"ltr\"><span style=\"font-size: 14pt;\"><strong>FUTEBOL &#8211;\u00a0<\/strong>O registro de boletins de ocorr\u00eancia de amea\u00e7a contra mulheres aumenta 23,7% em dias em que um dos times da cidade joga e o de registros de les\u00e3o corporal sobe 25,9% quando a partida acontece na pr\u00f3pria cidade, aponta pesquisa realizada pelo F\u00f3rum Brasileiro de Seguran\u00e7a P\u00fablica em parceria com o Instituto Avon em 2022.\u00a0\u00a0A Articula\u00e7\u00e3o Nacional pelo Feminic\u00eddio Zero prev\u00ea a\u00e7\u00f5es em dias de jogos de futebol, mirando o di\u00e1logo principalmente com os homens. Entre as a\u00e7\u00f5es articuladas ao longo de agosto est\u00e3o faixas em campo, o uso de bra\u00e7adeiras pelos jogadores e v\u00eddeos durante partida de futebol, a serem executadas em parceria com o Minist\u00e9rio da Justi\u00e7a e Seguran\u00e7a P\u00fablica, com apoio da CBF.<\/span><\/p>\n<p class=\"callout\" dir=\"ltr\"><span style=\"font-size: 14pt;\"><strong>FEMINIC\u00cdDIO NO BRASIL<\/strong>\u00a0&#8211;\u00a0Segundo o 18\u00ba Anu\u00e1rio Brasileiro de Seguran\u00e7a P\u00fablica, 1.467 mulheres morreram v\u00edtimas de feminic\u00eddio em 2023 &#8211; o maior registro desde a san\u00e7\u00e3o da lei que tipifica o crime, em 2015. As agress\u00f5es decorrentes de viol\u00eancia dom\u00e9stica tiveram aumento de 9,8%, e totalizaram 258.941 casos.\u00a0Houve alta tamb\u00e9m nas tentativas de feminic\u00eddio (7,2%, chegando a 2.797 v\u00edtimas) e nas tentativas de homic\u00eddio contra mulheres (8.372 casos no total, alta de 9,2%), al\u00e9m de registros de amea\u00e7as (16,5%), persegui\u00e7\u00e3o\/stalking (34,5%), viol\u00eancia psicol\u00f3gica (33,8%) e estupro (6,5%).\u00a0<\/span><\/p>\n<p class=\"callout\" dir=\"ltr\"><span style=\"font-size: 14pt;\"><strong>AGOSTO LIL\u00c1S<\/strong>\u00a0&#8211;\u00a0O m\u00eas de conscientiza\u00e7\u00e3o pelo fim da viol\u00eancia contra as mulheres tem como objetivo dar visibilidade ao tema e ampliar a divulga\u00e7\u00e3o sobre os direitos das mulheres em situa\u00e7\u00e3o de viol\u00eancia, al\u00e9m dos servi\u00e7os especializados para acolhimento, orienta\u00e7\u00e3o e den\u00fancia.<\/span><\/p>\n<p dir=\"ltr\">\n<p dir=\"ltr\" style=\"text-align: right;\"><em><strong>Fonte: Governo Federal<\/strong><\/em><\/p>\n<p class=\"wpf_wrapper\"><a class=\"print_link\" href=\"\" target=\"_blank\">Preparar para impress\u00e3o<\/a><\/p><!-- .wpf_wrapper -->","protected":false},"excerpt":{"rendered":"<p>Perceber uma situa\u00e7\u00e3o de viol\u00eancia contra a mulher, enfrent\u00e1-la e interromp\u00ea-la para que n\u00e3o chegue a um feminic\u00eddio, ato de&hellip; <\/p>\n","protected":false},"author":4,"featured_media":17175,"comment_status":"closed","ping_status":"closed","sticky":false,"template":"","format":"standard","meta":{"footnotes":""},"categories":[7],"tags":[],"class_list":["post-17174","post","type-post","status-publish","format-standard","has-post-thumbnail","hentry","category-noticias"],"jetpack_featured_media_url":"https:\/\/sindesvdf.com.br\/news\/wp-content\/uploads\/2024\/08\/agostolilas.jpg","_links":{"self":[{"href":"https:\/\/sindesvdf.com.br\/news\/wp-json\/wp\/v2\/posts\/17174","targetHints":{"allow":["GET"]}}],"collection":[{"href":"https:\/\/sindesvdf.com.br\/news\/wp-json\/wp\/v2\/posts"}],"about":[{"href":"https:\/\/sindesvdf.com.br\/news\/wp-json\/wp\/v2\/types\/post"}],"author":[{"embeddable":true,"href":"https:\/\/sindesvdf.com.br\/news\/wp-json\/wp\/v2\/users\/4"}],"replies":[{"embeddable":true,"href":"https:\/\/sindesvdf.com.br\/news\/wp-json\/wp\/v2\/comments?post=17174"}],"version-history":[{"count":2,"href":"https:\/\/sindesvdf.com.br\/news\/wp-json\/wp\/v2\/posts\/17174\/revisions"}],"predecessor-version":[{"id":17177,"href":"https:\/\/sindesvdf.com.br\/news\/wp-json\/wp\/v2\/posts\/17174\/revisions\/17177"}],"wp:featuredmedia":[{"embeddable":true,"href":"https:\/\/sindesvdf.com.br\/news\/wp-json\/wp\/v2\/media\/17175"}],"wp:attachment":[{"href":"https:\/\/sindesvdf.com.br\/news\/wp-json\/wp\/v2\/media?parent=17174"}],"wp:term":[{"taxonomy":"category","embeddable":true,"href":"https:\/\/sindesvdf.com.br\/news\/wp-json\/wp\/v2\/categories?post=17174"},{"taxonomy":"post_tag","embeddable":true,"href":"https:\/\/sindesvdf.com.br\/news\/wp-json\/wp\/v2\/tags?post=17174"}],"curies":[{"name":"wp","href":"https:\/\/api.w.org\/{rel}","templated":true}]}}