{"id":17193,"date":"2024-09-11T08:46:38","date_gmt":"2024-09-11T11:46:38","guid":{"rendered":"https:\/\/sindesvdf.com.br\/news\/?p=17193"},"modified":"2024-09-11T08:47:19","modified_gmt":"2024-09-11T11:47:19","slug":"entra-em-vigor-o-estatuto-da-seguranca-privada","status":"publish","type":"post","link":"https:\/\/sindesvdf.com.br\/news\/entra-em-vigor-o-estatuto-da-seguranca-privada\/","title":{"rendered":"Entra em vigor o Estatuto da Seguran\u00e7a Privada"},"content":{"rendered":"<figure id=\"attachment_17194\" aria-describedby=\"caption-attachment-17194\" style=\"width: 1024px\" class=\"wp-caption aligncenter\"><img loading=\"lazy\" decoding=\"async\" class=\"wp-image-17194 size-large\" src=\"https:\/\/sindesvdf.com.br\/news\/wp-content\/uploads\/2024\/09\/09-09-24-4-1024x564.jpg\" alt=\"\" width=\"1024\" height=\"564\" srcset=\"https:\/\/sindesvdf.com.br\/news\/wp-content\/uploads\/2024\/09\/09-09-24-4-1024x564.jpg 1024w, https:\/\/sindesvdf.com.br\/news\/wp-content\/uploads\/2024\/09\/09-09-24-4-300x165.jpg 300w, https:\/\/sindesvdf.com.br\/news\/wp-content\/uploads\/2024\/09\/09-09-24-4-768x423.jpg 768w, https:\/\/sindesvdf.com.br\/news\/wp-content\/uploads\/2024\/09\/09-09-24-4-1536x845.jpg 1536w, https:\/\/sindesvdf.com.br\/news\/wp-content\/uploads\/2024\/09\/09-09-24-4.jpg 2048w\" sizes=\"auto, (max-width: 1024px) 100vw, 1024px\" \/><figcaption id=\"caption-attachment-17194\" class=\"wp-caption-text\">Fotografia \u2013 Presid\u00eancia da Rep\u00fablica Fotografia<\/figcaption><\/figure>\n<p class=\"g-artigo__descricao\"><strong><span style=\"font-size: 14pt;\">Nova lei define o servi\u00e7o de seguran\u00e7a privada, quem pode prestar tais servi\u00e7os e a proibi\u00e7\u00e3o de determinadas formas de presta\u00e7\u00e3o<\/span><\/strong><\/p>\n<div class=\"g-artigo__texto-principal\"><\/div>\n<p><span style=\"font-size: 14pt;\">O presidente Luiz In\u00e1cio Lula da Silva sancionou a <a class=\"linkLegislacao\" href=\"https:\/\/www2.camara.gov.br\/legin\/fed\/lei\/2024\/lei-14967-9-setembro-2024-796214-norma-pl.html\">Lei 14.967\/24<\/a>, que institui o Estatuto da Seguran\u00e7a Privada. O texto, publicado nesta ter\u00e7a-feira (10) no Di\u00e1rio Oficial da Uni\u00e3o (DOU), recebeu sete vetos.<\/span><\/p>\n<p><span style=\"font-size: 14pt;\">O objetivo do estatuto \u00e9 regulamentar a atua\u00e7\u00e3o das empresas de seguran\u00e7a privada e de transporte de valores, e disciplinar detalhes da seguran\u00e7a em institui\u00e7\u00f5es financeiras.<\/span><\/p>\n<p><span style=\"font-size: 14pt;\">A norma atualiza e consolida os preceitos que regulam o setor de seguran\u00e7a privada, substituindo a lei anterior de regulamenta\u00e7\u00e3o, que foi revogada (<a class=\"linkLegislacao\" href=\"https:\/\/www2.camara.gov.br\/legin\/fed\/lei\/1980-1987\/lei-7102-20-junho-1983-356931-norma-pl.html\">Lei 7.102\/83<\/a>).<\/span><\/p>\n<p><span style=\"font-size: 14pt;\">O Estatuto da Seguran\u00e7a Privada tem origem no <a class=\"linkProposicao\" href=\"https:\/\/www.camara.leg.br\/noticias\/456565-comissao-especial-discute-piso-de-vigilantes-de-bancos-e-transporte-de-valores\">PL 4238\/12<\/a>, do ex-senador Marcelo Crivella (RJ), <a href=\"https:\/\/www.camara.leg.br\/noticias\/503790-CAMARA-APROVA-PROJETO-DO-ESTATUTO-DA-SEGURANCA-PRIVADA\">aprovado pela C\u00e2mara dos Deputados<\/a> e pelo Senado. O projeto original estabelecia apenas um piso salarial nacional para a categoria dos vigilantes. Na C\u00e2mara, o texto foi aprovado em 2016 com regras mais abrangentes, a partir de um parecer do deputado Wellington Roberto (PL-PB).<\/span><\/p>\n<p><span style=\"font-size: 14pt;\"><strong>Medidas<br \/>\n<\/strong>A nova lei define o servi\u00e7o de seguran\u00e7a privada, quais atores podem prestar tais servi\u00e7os e a proibi\u00e7\u00e3o de determinadas formas de presta\u00e7\u00e3o, como por pessoa f\u00edsica ou aut\u00f4noma. O texto prev\u00ea a autoriza\u00e7\u00e3o, cadastramento e fiscaliza\u00e7\u00e3o pela Pol\u00edcia Federal e estabelece regras para uso de armas, transporte de valores e seguran\u00e7a em eventos.<\/span><\/p>\n<p><span style=\"font-size: 14pt;\">O estatuto permite o funcionamento de servi\u00e7os de seguran\u00e7a privada nas empresas que queiram ter seu pr\u00f3prio corpo de seguran\u00e7as, possibilidade estendida a condom\u00ednios de casas ou de apartamentos, escrit\u00f3rios, pr\u00e9dios residenciais e salas, exceto portarias.<\/span><\/p>\n<p><span style=\"font-size: 14pt;\">O texto tamb\u00e9m detalha os profissionais de seguran\u00e7a, estabelecendo as suas atividades, requisitos e direitos, estabelece regras para a seguran\u00e7a nas institui\u00e7\u00f5es financeiras e o funcionamento e o manuseio de valores nas depend\u00eancias banc\u00e1rias.<\/span><\/p>\n<p><span style=\"font-size: 14pt;\"><strong>Vetos<br \/>\n<\/strong>Ap\u00f3s ouvir os minist\u00e9rios que tratam das mat\u00e9rias relacionadas \u00e0 nova lei, Lula decidiu vetar, por inconstitucionalidade e contrariedade ao interesse p\u00fablico, sete pontos do estatuto.<strong><br \/>\n<\/strong><\/span><\/p>\n<p><span style=\"font-size: 14pt;\">Um dos trechos vetados impedia a participa\u00e7\u00e3o de capital estrangeiro na composi\u00e7\u00e3o das empresas de transporte de valores. O presidente alegou que a proibi\u00e7\u00e3o de estrangeiros no setor contribuiria para a maior concentra\u00e7\u00e3o do mercado de seguran\u00e7a privada, \u201ccom real possibilidade de eliminar e impedir a entrada de concorrentes\u201d.<\/span><\/p>\n<p><span style=\"font-size: 14pt;\">Tamb\u00e9m foi vetado o dispositivo que autorizava a administra\u00e7\u00e3o p\u00fablica a contratar empresa de seguran\u00e7a para fazer o monitoramento de presos. O argumento para o veto foi de que a medida poderia comprometer o acompanhamento \u201cda monitora\u00e7\u00e3o judicialmente aplicada\u201d.<\/span><\/p>\n<p><span style=\"font-size: 14pt;\">Todos os vetos ao Estatuto da Seguran\u00e7a Privada ser\u00e3o analisados pelo Congresso Nacional, em sess\u00e3o a ser marcada pelo presidente do Senado, senador Rodrigo Pacheco (PSD-MG).<\/span><\/p>\n<p>&nbsp;<\/p>\n<p style=\"text-align: right;\"><span style=\"font-size: 12pt;\"><strong>Fonte: Ag\u00eancia C\u00e2mara de Not\u00edcias<\/strong><\/span><\/p>\n<p class=\"wpf_wrapper\"><a class=\"print_link\" href=\"\" target=\"_blank\">Preparar para impress\u00e3o<\/a><\/p><!-- .wpf_wrapper -->","protected":false},"excerpt":{"rendered":"<p>Nova lei define o servi\u00e7o de seguran\u00e7a privada, quem pode prestar tais servi\u00e7os e a proibi\u00e7\u00e3o de determinadas formas de&hellip; <\/p>\n","protected":false},"author":4,"featured_media":17194,"comment_status":"closed","ping_status":"closed","sticky":false,"template":"","format":"standard","meta":{"footnotes":""},"categories":[7],"tags":[],"class_list":["post-17193","post","type-post","status-publish","format-standard","has-post-thumbnail","hentry","category-noticias"],"jetpack_featured_media_url":"https:\/\/sindesvdf.com.br\/news\/wp-content\/uploads\/2024\/09\/09-09-24-4.jpg","_links":{"self":[{"href":"https:\/\/sindesvdf.com.br\/news\/wp-json\/wp\/v2\/posts\/17193","targetHints":{"allow":["GET"]}}],"collection":[{"href":"https:\/\/sindesvdf.com.br\/news\/wp-json\/wp\/v2\/posts"}],"about":[{"href":"https:\/\/sindesvdf.com.br\/news\/wp-json\/wp\/v2\/types\/post"}],"author":[{"embeddable":true,"href":"https:\/\/sindesvdf.com.br\/news\/wp-json\/wp\/v2\/users\/4"}],"replies":[{"embeddable":true,"href":"https:\/\/sindesvdf.com.br\/news\/wp-json\/wp\/v2\/comments?post=17193"}],"version-history":[{"count":2,"href":"https:\/\/sindesvdf.com.br\/news\/wp-json\/wp\/v2\/posts\/17193\/revisions"}],"predecessor-version":[{"id":17196,"href":"https:\/\/sindesvdf.com.br\/news\/wp-json\/wp\/v2\/posts\/17193\/revisions\/17196"}],"wp:featuredmedia":[{"embeddable":true,"href":"https:\/\/sindesvdf.com.br\/news\/wp-json\/wp\/v2\/media\/17194"}],"wp:attachment":[{"href":"https:\/\/sindesvdf.com.br\/news\/wp-json\/wp\/v2\/media?parent=17193"}],"wp:term":[{"taxonomy":"category","embeddable":true,"href":"https:\/\/sindesvdf.com.br\/news\/wp-json\/wp\/v2\/categories?post=17193"},{"taxonomy":"post_tag","embeddable":true,"href":"https:\/\/sindesvdf.com.br\/news\/wp-json\/wp\/v2\/tags?post=17193"}],"curies":[{"name":"wp","href":"https:\/\/api.w.org\/{rel}","templated":true}]}}