{"id":17200,"date":"2024-10-03T13:09:58","date_gmt":"2024-10-03T16:09:58","guid":{"rendered":"https:\/\/sindesvdf.com.br\/news\/?p=17200"},"modified":"2024-10-03T13:11:03","modified_gmt":"2024-10-03T16:11:03","slug":"preparem-se-para-um-dia-das-criancas-cheio-de-magia-e-diversao","status":"publish","type":"post","link":"https:\/\/sindesvdf.com.br\/news\/preparem-se-para-um-dia-das-criancas-cheio-de-magia-e-diversao\/","title":{"rendered":"Preparem-se para um Dia das Crian\u00e7as cheio de magia e divers\u00e3o"},"content":{"rendered":"<p><img loading=\"lazy\" decoding=\"async\" class=\"aligncenter size-full wp-image-17201\" src=\"https:\/\/sindesvdf.com.br\/news\/wp-content\/uploads\/2024\/10\/criancas-24.jpg\" alt=\"\" width=\"700\" height=\"400\" srcset=\"https:\/\/sindesvdf.com.br\/news\/wp-content\/uploads\/2024\/10\/criancas-24.jpg 700w, https:\/\/sindesvdf.com.br\/news\/wp-content\/uploads\/2024\/10\/criancas-24-300x171.jpg 300w\" sizes=\"auto, (max-width: 700px) 100vw, 700px\" \/><\/p>\n<p><span style=\"font-size: 14pt;\">A \u00c1rea de Lazer dos Vigilantes estar\u00e1 aberta no dia 12 de outubro (s\u00e1bado), para receber as crian\u00e7as, filhos e netos, dos vigilantes e das vigilantes associados ao SINDESV-DF.<\/span><\/p>\n<p><span style=\"font-size: 14pt;\">Venham passar um dia de muita divers\u00e3o, brincadeiras, com piscinas, campo de futebol, churrasqueiras e outras estruturas para receber com conforto e seguran\u00e7a as crian\u00e7as.<\/span><\/p>\n<p><span style=\"font-size: 14pt;\">Vai ter picol\u00e9, algod\u00e3o doce, pipoca, refrigerante, cachorro quente, batata frita e muitas surpresas. Compare\u00e7am e tragam a crian\u00e7ada para um dia de muita festa, no hor\u00e1rio de <strong>09h as 17h.<\/strong><\/span><\/p>\n<p><span style=\"font-size: 14pt;\">Esperamos voc\u00ea.<\/span><\/p>\n<p><strong>Confira o trajeto aqui<\/strong>\u00a0&gt;&gt;\u00a0<a href=\"https:\/\/bit.ly\/3T0iHCK\">https:\/\/bit.ly\/3T0iHCK<\/a><\/p>\n<p class=\"wpf_wrapper\"><a class=\"print_link\" href=\"\" target=\"_blank\">Preparar para impress\u00e3o<\/a><\/p><!-- .wpf_wrapper -->","protected":false},"excerpt":{"rendered":"<p>A \u00c1rea de Lazer dos Vigilantes estar\u00e1 aberta no dia 12 de outubro (s\u00e1bado), para receber as crian\u00e7as, filhos e&hellip; <\/p>\n","protected":false},"author":4,"featured_media":17201,"comment_status":"closed","ping_status":"closed","sticky":false,"template":"","format":"standard","meta":{"footnotes":""},"categories":[101],"tags":[],"class_list":["post-17200","post","type-post","status-publish","format-standard","has-post-thumbnail","hentry","category-olho-vivo"],"jetpack_featured_media_url":"https:\/\/sindesvdf.com.br\/news\/wp-content\/uploads\/2024\/10\/criancas-24.jpg","_links":{"self":[{"href":"https:\/\/sindesvdf.com.br\/news\/wp-json\/wp\/v2\/posts\/17200","targetHints":{"allow":["GET"]}}],"collection":[{"href":"https:\/\/sindesvdf.com.br\/news\/wp-json\/wp\/v2\/posts"}],"about":[{"href":"https:\/\/sindesvdf.com.br\/news\/wp-json\/wp\/v2\/types\/post"}],"author":[{"embeddable":true,"href":"https:\/\/sindesvdf.com.br\/news\/wp-json\/wp\/v2\/users\/4"}],"replies":[{"embeddable":true,"href":"https:\/\/sindesvdf.com.br\/news\/wp-json\/wp\/v2\/comments?post=17200"}],"version-history":[{"count":2,"href":"https:\/\/sindesvdf.com.br\/news\/wp-json\/wp\/v2\/posts\/17200\/revisions"}],"predecessor-version":[{"id":17203,"href":"https:\/\/sindesvdf.com.br\/news\/wp-json\/wp\/v2\/posts\/17200\/revisions\/17203"}],"wp:featuredmedia":[{"embeddable":true,"href":"https:\/\/sindesvdf.com.br\/news\/wp-json\/wp\/v2\/media\/17201"}],"wp:attachment":[{"href":"https:\/\/sindesvdf.com.br\/news\/wp-json\/wp\/v2\/media?parent=17200"}],"wp:term":[{"taxonomy":"category","embeddable":true,"href":"https:\/\/sindesvdf.com.br\/news\/wp-json\/wp\/v2\/categories?post=17200"},{"taxonomy":"post_tag","embeddable":true,"href":"https:\/\/sindesvdf.com.br\/news\/wp-json\/wp\/v2\/tags?post=17200"}],"curies":[{"name":"wp","href":"https:\/\/api.w.org\/{rel}","templated":true}]}}