{"id":17218,"date":"2024-10-15T14:53:33","date_gmt":"2024-10-15T17:53:33","guid":{"rendered":"https:\/\/sindesvdf.com.br\/news\/?p=17218"},"modified":"2024-10-15T14:53:33","modified_gmt":"2024-10-15T17:53:33","slug":"assembleia-geral-dos-vigilantes-da-empresa-brasfort-que-prestam-servico-na-seplag","status":"publish","type":"post","link":"https:\/\/sindesvdf.com.br\/news\/assembleia-geral-dos-vigilantes-da-empresa-brasfort-que-prestam-servico-na-seplag\/","title":{"rendered":"Assembleia Geral dos vigilantes da empresa Brasfort que prestam servi\u00e7o na SEPLAG"},"content":{"rendered":"<p><img loading=\"lazy\" decoding=\"async\" class=\"aligncenter size-full wp-image-17219\" src=\"https:\/\/sindesvdf.com.br\/news\/wp-content\/uploads\/2024\/10\/brasfort_intrajornada_assembleia.jpg\" alt=\"\" width=\"700\" height=\"400\" srcset=\"https:\/\/sindesvdf.com.br\/news\/wp-content\/uploads\/2024\/10\/brasfort_intrajornada_assembleia.jpg 700w, https:\/\/sindesvdf.com.br\/news\/wp-content\/uploads\/2024\/10\/brasfort_intrajornada_assembleia-300x171.jpg 300w\" sizes=\"auto, (max-width: 700px) 100vw, 700px\" \/><\/p>\n<p><span style=\"font-size: 14pt;\">Convocamos todos os vigilantes da BRASFORT que prestam servi\u00e7o na SEPLAG, <strong>contratos 24, 25, 26, 27 e 29<\/strong>, anos <strong>de 2017 at\u00e9 2023<\/strong> para comparecerem \u00e0 Assembleia Geral para ouvirem a proposta da empresa e decidir sobre ela.<\/span><\/p>\n<p><span style=\"font-size: 14pt;\">Lembramos de que a maioria decide, portanto, n\u00e3o deixe ningu\u00e9m decidir por voc\u00ea. Esta foi mais uma a\u00e7\u00e3o que o SINDESV-DF deu entrada na Justi\u00e7a pleiteando o que \u00e9 de direito do vigilante, pois estamos sempre atentos e n\u00e3o deixamos passar nem um centavo que seja que pertence \u00e0 categoria.<\/span><\/p>\n<p><span style=\"font-size: 14pt;\"><strong>Data:<\/strong> 18 de outubro<\/span><br \/>\n<span style=\"font-size: 14pt;\"><strong>Hor\u00e1rio<\/strong>: 19h30<\/span><br \/>\n<span style=\"font-size: 14pt;\"><strong>Local<\/strong>: Rampa dos Vigilantes &#8211; em frente \u00e0 Casa do Chocolate.<\/span><br \/>\n<span style=\"font-size: 14pt;\">Pauta: Deliberar sobre a proposta de acordo feita pela BRASFORT da diferen\u00e7a de intrajornada paga de forma errada em preju\u00edzo aos vigilantes.<\/span><\/p>\n<p><span style=\"font-size: 14pt;\">Contamos com a sua presen\u00e7a.<\/span><\/p>\n<p class=\"wpf_wrapper\"><a class=\"print_link\" href=\"\" target=\"_blank\">Preparar para impress\u00e3o<\/a><\/p><!-- .wpf_wrapper -->","protected":false},"excerpt":{"rendered":"<p>Convocamos todos os vigilantes da BRASFORT que prestam servi\u00e7o na SEPLAG, contratos 24, 25, 26, 27 e 29, anos de&hellip; <\/p>\n","protected":false},"author":4,"featured_media":17219,"comment_status":"closed","ping_status":"closed","sticky":false,"template":"","format":"standard","meta":{"footnotes":""},"categories":[101],"tags":[],"class_list":["post-17218","post","type-post","status-publish","format-standard","has-post-thumbnail","hentry","category-olho-vivo"],"jetpack_featured_media_url":"https:\/\/sindesvdf.com.br\/news\/wp-content\/uploads\/2024\/10\/brasfort_intrajornada_assembleia.jpg","_links":{"self":[{"href":"https:\/\/sindesvdf.com.br\/news\/wp-json\/wp\/v2\/posts\/17218","targetHints":{"allow":["GET"]}}],"collection":[{"href":"https:\/\/sindesvdf.com.br\/news\/wp-json\/wp\/v2\/posts"}],"about":[{"href":"https:\/\/sindesvdf.com.br\/news\/wp-json\/wp\/v2\/types\/post"}],"author":[{"embeddable":true,"href":"https:\/\/sindesvdf.com.br\/news\/wp-json\/wp\/v2\/users\/4"}],"replies":[{"embeddable":true,"href":"https:\/\/sindesvdf.com.br\/news\/wp-json\/wp\/v2\/comments?post=17218"}],"version-history":[{"count":2,"href":"https:\/\/sindesvdf.com.br\/news\/wp-json\/wp\/v2\/posts\/17218\/revisions"}],"predecessor-version":[{"id":17221,"href":"https:\/\/sindesvdf.com.br\/news\/wp-json\/wp\/v2\/posts\/17218\/revisions\/17221"}],"wp:featuredmedia":[{"embeddable":true,"href":"https:\/\/sindesvdf.com.br\/news\/wp-json\/wp\/v2\/media\/17219"}],"wp:attachment":[{"href":"https:\/\/sindesvdf.com.br\/news\/wp-json\/wp\/v2\/media?parent=17218"}],"wp:term":[{"taxonomy":"category","embeddable":true,"href":"https:\/\/sindesvdf.com.br\/news\/wp-json\/wp\/v2\/categories?post=17218"},{"taxonomy":"post_tag","embeddable":true,"href":"https:\/\/sindesvdf.com.br\/news\/wp-json\/wp\/v2\/tags?post=17218"}],"curies":[{"name":"wp","href":"https:\/\/api.w.org\/{rel}","templated":true}]}}