{"id":17223,"date":"2024-10-18T21:30:59","date_gmt":"2024-10-19T00:30:59","guid":{"rendered":"https:\/\/sindesvdf.com.br\/news\/?p=17223"},"modified":"2024-10-21T16:16:47","modified_gmt":"2024-10-21T19:16:47","slug":"vigilantes-da-brasfort-que-prestam-servico-na-seplad-aceitam-proposta-de-acordo-sindesv-df-garante-reparacao-de-direitos-na-justica","status":"publish","type":"post","link":"https:\/\/sindesvdf.com.br\/news\/vigilantes-da-brasfort-que-prestam-servico-na-seplad-aceitam-proposta-de-acordo-sindesv-df-garante-reparacao-de-direitos-na-justica\/","title":{"rendered":"Vigilantes da Brasfort que prestam servi\u00e7o na SEPLAD aceitam proposta de acordo. SINDESV-DF garante repara\u00e7\u00e3o de direitos na Justi\u00e7a."},"content":{"rendered":"<p><img loading=\"lazy\" decoding=\"async\" class=\"aligncenter size-full wp-image-17224\" src=\"https:\/\/sindesvdf.com.br\/news\/wp-content\/uploads\/2024\/10\/brasfort_lista.jpg\" alt=\"\" width=\"700\" height=\"400\" srcset=\"https:\/\/sindesvdf.com.br\/news\/wp-content\/uploads\/2024\/10\/brasfort_lista.jpg 700w, https:\/\/sindesvdf.com.br\/news\/wp-content\/uploads\/2024\/10\/brasfort_lista-300x171.jpg 300w\" sizes=\"auto, (max-width: 700px) 100vw, 700px\" \/><\/p>\n<p><span style=\"font-size: 14pt;\">Em Assembleia Geral realizada na noite desta sexta-feira, 18\/10\/2024, vigilantes da Brasfort que trabalharam nos anos de 2017 a 2023 e est\u00e3o nos contratos <strong>24, 25, 26, 27 e 29<\/strong> tomaram conhecimento da proposta feita pela empresa Brasfort, aceitando e encerrando a a\u00e7\u00e3o, que se refere ao pagamento de intrajornada paga de forma errada e em preju\u00edzo aos vigilantes.<\/span><\/p>\n<p><span style=\"font-size: 14pt;\">Esta \u00e9 mais uma a\u00e7\u00e3o que o Sindicato dos Vigilantes do DF, atrav\u00e9s de sua assessoria jur\u00eddica ingressou na justi\u00e7a, buscando reparar o erro da empresa contra seus empregados. Todos sabem o quanto o processo \u00e9 demorado na Justi\u00e7a e o acordo \u00e9 uma forma de o vigilante receber o que lhe \u00e9 devido mais rapidamente.<\/span><\/p>\n<p><span style=\"font-size: 14pt;\">Os vigilantes dever\u00e3o comparecer no audit\u00f3rio do SINDESV-DF a partir dessa <strong>segunda-feira (21\/10) at\u00e9 sexta-feira (25\/10), das 8h \u00e0s 15h<\/strong>, para assinar a lista de concord\u00e2ncia e conferir os valores a receber.<\/span><\/p>\n<p><span style=\"font-size: 14pt;\">A dire\u00e7\u00e3o do SINDESV-DF est\u00e1 sempre atenta para corrigir e reparar todos os erros cometidos pelas empresas contra seus empregados, erros esses sempre em preju\u00edzo ao trabalhador.<\/span><\/p>\n<p>&nbsp;<\/p>\n<p><span style=\"font-size: 14pt;\"><strong>Clique aqui e consulte se seu nome est\u00e1 na lista<\/strong>&gt;&gt; <a href=\"https:\/\/sindesvdf.com.br\/news\/wp-content\/uploads\/2024\/10\/Acao-Intrajornada-BRASFORT.pdf\">A\u00e7\u00e3o Intrajornada &#8211; BRASFORT<\/a><\/span><\/p>\n<p class=\"wpf_wrapper\"><a class=\"print_link\" href=\"\" target=\"_blank\">Preparar para impress\u00e3o<\/a><\/p><!-- .wpf_wrapper -->","protected":false},"excerpt":{"rendered":"<p>Em Assembleia Geral realizada na noite desta sexta-feira, 18\/10\/2024, vigilantes da Brasfort que trabalharam nos anos de 2017 a 2023&hellip; <\/p>\n","protected":false},"author":4,"featured_media":17224,"comment_status":"closed","ping_status":"closed","sticky":false,"template":"","format":"standard","meta":{"footnotes":""},"categories":[101],"tags":[],"class_list":["post-17223","post","type-post","status-publish","format-standard","has-post-thumbnail","hentry","category-olho-vivo"],"jetpack_featured_media_url":"https:\/\/sindesvdf.com.br\/news\/wp-content\/uploads\/2024\/10\/brasfort_lista.jpg","_links":{"self":[{"href":"https:\/\/sindesvdf.com.br\/news\/wp-json\/wp\/v2\/posts\/17223","targetHints":{"allow":["GET"]}}],"collection":[{"href":"https:\/\/sindesvdf.com.br\/news\/wp-json\/wp\/v2\/posts"}],"about":[{"href":"https:\/\/sindesvdf.com.br\/news\/wp-json\/wp\/v2\/types\/post"}],"author":[{"embeddable":true,"href":"https:\/\/sindesvdf.com.br\/news\/wp-json\/wp\/v2\/users\/4"}],"replies":[{"embeddable":true,"href":"https:\/\/sindesvdf.com.br\/news\/wp-json\/wp\/v2\/comments?post=17223"}],"version-history":[{"count":6,"href":"https:\/\/sindesvdf.com.br\/news\/wp-json\/wp\/v2\/posts\/17223\/revisions"}],"predecessor-version":[{"id":17244,"href":"https:\/\/sindesvdf.com.br\/news\/wp-json\/wp\/v2\/posts\/17223\/revisions\/17244"}],"wp:featuredmedia":[{"embeddable":true,"href":"https:\/\/sindesvdf.com.br\/news\/wp-json\/wp\/v2\/media\/17224"}],"wp:attachment":[{"href":"https:\/\/sindesvdf.com.br\/news\/wp-json\/wp\/v2\/media?parent=17223"}],"wp:term":[{"taxonomy":"category","embeddable":true,"href":"https:\/\/sindesvdf.com.br\/news\/wp-json\/wp\/v2\/categories?post=17223"},{"taxonomy":"post_tag","embeddable":true,"href":"https:\/\/sindesvdf.com.br\/news\/wp-json\/wp\/v2\/tags?post=17223"}],"curies":[{"name":"wp","href":"https:\/\/api.w.org\/{rel}","templated":true}]}}