{"id":17234,"date":"2024-10-21T14:28:46","date_gmt":"2024-10-21T17:28:46","guid":{"rendered":"https:\/\/sindesvdf.com.br\/news\/?p=17234"},"modified":"2024-10-21T14:29:42","modified_gmt":"2024-10-21T17:29:42","slug":"campanha-salarial2025-assembleia-geral-para-aprovacao-da-pauta-de-reivindicacoes","status":"publish","type":"post","link":"https:\/\/sindesvdf.com.br\/news\/campanha-salarial2025-assembleia-geral-para-aprovacao-da-pauta-de-reivindicacoes\/","title":{"rendered":"Campanha Salarial 2025 \u2013 Assembleia geral para aprova\u00e7\u00e3o da pauta de reivindica\u00e7\u00f5es"},"content":{"rendered":"<p><img loading=\"lazy\" decoding=\"async\" class=\"aligncenter size-full wp-image-17235\" src=\"https:\/\/sindesvdf.com.br\/news\/wp-content\/uploads\/2024\/10\/pautadereivind.png\" alt=\"\" width=\"700\" height=\"400\" srcset=\"https:\/\/sindesvdf.com.br\/news\/wp-content\/uploads\/2024\/10\/pautadereivind.png 700w, https:\/\/sindesvdf.com.br\/news\/wp-content\/uploads\/2024\/10\/pautadereivind-300x171.png 300w\" sizes=\"auto, (max-width: 700px) 100vw, 700px\" \/><\/p>\n<p><span style=\"font-size: 14pt;\">\u00a0Em breve, ap\u00f3s a aprova\u00e7\u00e3o da Pauta de Reivin\u00addica\u00e7\u00f5es, a Campanha Salarial 2025 come\u00e7a para valer e o recado que temos para cada vigilante \u00e9 um s\u00f3: \u201ccom a sua efetiva participa\u00e7\u00e3o, nossa for\u00e7a ser\u00e1 muito maior na mesa de negocia\u00e7\u00e3o\u201d.<\/span><\/p>\n<p><span style=\"font-size: 14pt;\">O Sindicato \u00e9 e sempre ser\u00e1 o seu maior parcei\u00adro, aquele que est\u00e1 com cada vigilante em seus momentos de luta e buscando melhorias. Infeliz\u00admente, alguns se fecham e se recusam em enxer\u00adgar a real que \u00e9 uma s\u00f3 e vamos repetir sempre: quem faz a luta crescer \u00e9 o trabalhador e quem coordena a luta e vai pra cima, botando a cara, \u00e9 a dire\u00e7\u00e3o do Sindicato, junto com a categoria. Temos de estar unidos mais do que nunca.<\/span><\/p>\n<p><span style=\"font-size: 14pt;\">Esta Campanha Salarial deve ser do tamanho da sua vontade de vencer e arrancar uma grande vi\u00adt\u00f3ria. Precisamos da sua for\u00e7a para iniciarmos esta Campanha Salarial com valentia, determina\u00e7\u00e3o e confian\u00e7a de que seremos vitoriosos.<\/span><\/p>\n<p><span style=\"font-size: 14pt;\">Contamos com a sua presen\u00e7a em nossa primei\u00adra assembleia geral de aprova\u00e7\u00e3o da Pauta de Rei\u00advindica\u00e7\u00f5es.<\/span><\/p>\n<p>&nbsp;<\/p>\n<p><span style=\"font-size: 14pt;\">Data: 26 de outubro<\/span><br \/>\n<span style=\"font-size: 14pt;\">Hor\u00e1rio: 7h30 da manh\u00e3<\/span><br \/>\n<span style=\"font-size: 14pt;\">Local: Audit\u00f3rio do Sindicato dos Vigilantes &#8211; Conic<\/span><\/p>\n<p>&nbsp;<\/p>\n<p><span style=\"font-size: 14pt;\">Confira o Jornal Olho Vivo da Campanha Salarial<a href=\"https:\/\/bit.ly\/2Pvu8Un\"> aqui<\/a>.\u00a0<\/span><\/p>\n<p>&nbsp;<\/p>\n<p class=\"wpf_wrapper\"><a class=\"print_link\" href=\"\" target=\"_blank\">Preparar para impress\u00e3o<\/a><\/p><!-- .wpf_wrapper -->","protected":false},"excerpt":{"rendered":"<p>\u00a0Em breve, ap\u00f3s a aprova\u00e7\u00e3o da Pauta de Reivin\u00addica\u00e7\u00f5es, a Campanha Salarial 2025 come\u00e7a para valer e o recado que&hellip; <\/p>\n","protected":false},"author":4,"featured_media":17235,"comment_status":"closed","ping_status":"closed","sticky":false,"template":"","format":"standard","meta":{"footnotes":""},"categories":[],"tags":[],"class_list":["post-17234","post","type-post","status-publish","format-standard","has-post-thumbnail","hentry"],"jetpack_featured_media_url":"https:\/\/sindesvdf.com.br\/news\/wp-content\/uploads\/2024\/10\/pautadereivind.png","_links":{"self":[{"href":"https:\/\/sindesvdf.com.br\/news\/wp-json\/wp\/v2\/posts\/17234","targetHints":{"allow":["GET"]}}],"collection":[{"href":"https:\/\/sindesvdf.com.br\/news\/wp-json\/wp\/v2\/posts"}],"about":[{"href":"https:\/\/sindesvdf.com.br\/news\/wp-json\/wp\/v2\/types\/post"}],"author":[{"embeddable":true,"href":"https:\/\/sindesvdf.com.br\/news\/wp-json\/wp\/v2\/users\/4"}],"replies":[{"embeddable":true,"href":"https:\/\/sindesvdf.com.br\/news\/wp-json\/wp\/v2\/comments?post=17234"}],"version-history":[{"count":3,"href":"https:\/\/sindesvdf.com.br\/news\/wp-json\/wp\/v2\/posts\/17234\/revisions"}],"predecessor-version":[{"id":17239,"href":"https:\/\/sindesvdf.com.br\/news\/wp-json\/wp\/v2\/posts\/17234\/revisions\/17239"}],"wp:featuredmedia":[{"embeddable":true,"href":"https:\/\/sindesvdf.com.br\/news\/wp-json\/wp\/v2\/media\/17235"}],"wp:attachment":[{"href":"https:\/\/sindesvdf.com.br\/news\/wp-json\/wp\/v2\/media?parent=17234"}],"wp:term":[{"taxonomy":"category","embeddable":true,"href":"https:\/\/sindesvdf.com.br\/news\/wp-json\/wp\/v2\/categories?post=17234"},{"taxonomy":"post_tag","embeddable":true,"href":"https:\/\/sindesvdf.com.br\/news\/wp-json\/wp\/v2\/tags?post=17234"}],"curies":[{"name":"wp","href":"https:\/\/api.w.org\/{rel}","templated":true}]}}